{"id":6045,"date":"2025-09-12T12:39:19","date_gmt":"2025-09-12T10:39:19","guid":{"rendered":"https:\/\/agora.xtec.cat\/ceip-santiscle-vidreres\/?p=6045"},"modified":"2025-09-12T12:39:19","modified_gmt":"2025-09-12T10:39:19","slug":"nou-curs-nova-imatge","status":"publish","type":"post","link":"https:\/\/agora.xtec.cat\/ceip-santiscle-vidreres\/general\/nou-curs-nova-imatge\/","title":{"rendered":"NOU CURS, NOVA IMATGE"},"content":{"rendered":"<p><span style=\"color: #0000ff;\">EL NOU CURS ENS PORTA UNA NOVA IMATGE<\/span><\/p>\n<p>Iniciem el curs 2025 2026 estrenant una nova imatge corporativa. Encara arrelats al territori i als valors que ens han definit sempre, el nou logotip del centre construeix la torre del Castell de Sant Iscle a partir de formes geom\u00e8triques que transmeten energia, positivitat i creativitat. Cada figura \u00e9s \u00fanica, com \u00faniques som les persones que formem la comunitat educativa, per\u00f2 juntes creem un conjunt s\u00f2lid i harm\u00f2nic que encarna la nostra identitat.<\/p>\n<p>El primer dia del curs, el vam anar descobrint amb els alumnes. Analitzant cada un dels s\u00edmbols que conformen el castell i construint plegats la torre. Aqu\u00ed us en deixem algunes imatges.<\/p>\n\r\n\t<div class=\"slideshow_container slideshow_container_style-light\" style=\"height: 400px; \" data-slideshow-id=\"6047\" data-style-name=\"style-light\" data-style-version=\"2.3.1\" >\r\n\r\n\t\t\t\t\t<div class=\"slideshow_loading_icon\"><\/div>\r\n\t\t\r\n\t\t<div class=\"slideshow_content\" style=\"display: none;\">\r\n\r\n\t\t\t<div class=\"slideshow_view\">\r\n\t\t\t\t<div class=\"slideshow_slide slideshow_slide_image\">\r\n\t\t\t\t\t\t\t\t\t\t\t<img loading=\"lazy\" decoding=\"async\" src=\"https:\/\/agora.xtec.cat\/ceip-santiscle-vidreres\/wp-content\/uploads\/usu805\/2025\/09\/EscolaSantIscle-16.png\" alt=\"EscolaSantIscle-16\" width=\"1058\" height=\"575\" \/>\r\n\t\t\t\t\t\t\t\t\t\t<div class=\"slideshow_description_box slideshow_transparent\">\r\n\t\t\t\t\t\t<div class=\"slideshow_title\">EscolaSantIscle-16<\/div>\t\t\t\t\t\t\t\t\t\t\t<\/div>\r\n\t\t\t\t<\/div>\r\n\r\n\t\t\t\t\t\t<div style=\"clear: both;\"><\/div><\/div><div class=\"slideshow_view\">\r\n\t\t\t\t<div class=\"slideshow_slide slideshow_slide_image\">\r\n\t\t\t\t\t\t\t\t\t\t\t<img loading=\"lazy\" decoding=\"async\" src=\"https:\/\/agora.xtec.cat\/ceip-santiscle-vidreres\/wp-content\/uploads\/usu805\/2025\/09\/EscolaSantIscle-39.png\" alt=\"EscolaSantIscle-39\" width=\"745\" height=\"930\" \/>\r\n\t\t\t\t\t\t\t\t\t\t<div class=\"slideshow_description_box slideshow_transparent\">\r\n\t\t\t\t\t\t<div class=\"slideshow_title\">EscolaSantIscle-39<\/div>\t\t\t\t\t\t\t\t\t\t\t<\/div>\r\n\t\t\t\t<\/div>\r\n\r\n\t\t\t\t\t\t<div style=\"clear: both;\"><\/div><\/div><div class=\"slideshow_view\">\r\n\t\t\t\t<div class=\"slideshow_slide slideshow_slide_image\">\r\n\t\t\t\t\t\t\t\t\t\t\t<img loading=\"lazy\" decoding=\"async\" src=\"https:\/\/agora.xtec.cat\/ceip-santiscle-vidreres\/wp-content\/uploads\/usu805\/2025\/09\/PHOTO-2025-09-09-15-50-03-1-e1757673720137.jpg\" alt=\"PHOTO-2025-09-09-15-50-03 (1)\" width=\"1600\" height=\"1197\" \/>\r\n\t\t\t\t\t\t\t\t\t\t<div class=\"slideshow_description_box slideshow_transparent\">\r\n\t\t\t\t\t\t<div class=\"slideshow_title\">PHOTO-2025-09-09-15-50-03 (1)<\/div>\t\t\t\t\t\t\t\t\t\t\t<\/div>\r\n\t\t\t\t<\/div>\r\n\r\n\t\t\t\t\t\t<div style=\"clear: both;\"><\/div><\/div><div class=\"slideshow_view\">\r\n\t\t\t\t<div class=\"slideshow_slide slideshow_slide_image\">\r\n\t\t\t\t\t\t\t\t\t\t\t<img loading=\"lazy\" decoding=\"async\" src=\"https:\/\/agora.xtec.cat\/ceip-santiscle-vidreres\/wp-content\/uploads\/usu805\/2025\/09\/20250909_154832.jpg\" alt=\"20250909_154832\" width=\"2549\" height=\"2120\" \/>\r\n\t\t\t\t\t\t\t\t\t\t<div class=\"slideshow_description_box slideshow_transparent\">\r\n\t\t\t\t\t\t<div class=\"slideshow_title\">20250909_154832<\/div>\t\t\t\t\t\t\t\t\t\t\t<\/div>\r\n\t\t\t\t<\/div>\r\n\r\n\t\t\t\t\t\t<div style=\"clear: both;\"><\/div><\/div><div class=\"slideshow_view\">\r\n\t\t\t\t<div class=\"slideshow_slide slideshow_slide_image\">\r\n\t\t\t\t\t\t\t\t\t\t\t<img loading=\"lazy\" decoding=\"async\" src=\"https:\/\/agora.xtec.cat\/ceip-santiscle-vidreres\/wp-content\/uploads\/usu805\/2025\/09\/20250909_153557-scaled.jpg\" alt=\"20250909_153557\" width=\"2560\" height=\"1920\" \/>\r\n\t\t\t\t\t\t\t\t\t\t<div class=\"slideshow_description_box slideshow_transparent\">\r\n\t\t\t\t\t\t<div class=\"slideshow_title\">20250909_153557<\/div>\t\t\t\t\t\t\t\t\t\t\t<\/div>\r\n\t\t\t\t<\/div>\r\n\r\n\t\t\t\t\t\t<div style=\"clear: both;\"><\/div><\/div><div class=\"slideshow_view\">\r\n\t\t\t\t<div class=\"slideshow_slide slideshow_slide_image\">\r\n\t\t\t\t\t\t\t\t\t\t\t<img loading=\"lazy\" decoding=\"async\" src=\"https:\/\/agora.xtec.cat\/ceip-santiscle-vidreres\/wp-content\/uploads\/usu805\/2025\/09\/20250909_155032-scaled.jpg\" alt=\"20250909_155032\" width=\"2560\" height=\"1568\" \/>\r\n\t\t\t\t\t\t\t\t\t\t<div class=\"slideshow_description_box slideshow_transparent\">\r\n\t\t\t\t\t\t<div class=\"slideshow_title\">20250909_155032<\/div>\t\t\t\t\t\t\t\t\t\t\t<\/div>\r\n\t\t\t\t<\/div>\r\n\r\n\t\t\t\t\t\t<div style=\"clear: both;\"><\/div><\/div><div class=\"slideshow_view\">\r\n\t\t\t\t<div class=\"slideshow_slide slideshow_slide_image\">\r\n\t\t\t\t\t\t\t\t\t\t\t<img loading=\"lazy\" decoding=\"async\" src=\"https:\/\/agora.xtec.cat\/ceip-santiscle-vidreres\/wp-content\/uploads\/usu805\/2025\/07\/EscolaSantIscle-27-e1752051053615.png\" alt=\"EscolaSantIscle-27\" width=\"115\" height=\"247\" \/>\r\n\t\t\t\t\t\t\t\t\t\t<div class=\"slideshow_description_box slideshow_transparent\">\r\n\t\t\t\t\t\t<div class=\"slideshow_title\">EscolaSantIscle-27<\/div>\t\t\t\t\t\t\t\t\t\t\t<\/div>\r\n\t\t\t\t<\/div>\r\n\r\n\t\t\t\t\t\t<div style=\"clear: both;\"><\/div><\/div><div class=\"slideshow_view\">\r\n\t\t\t\t<div class=\"slideshow_slide slideshow_slide_image\">\r\n\t\t\t\t\t\t\t\t\t\t\t<img loading=\"lazy\" decoding=\"async\" src=\"https:\/\/agora.xtec.cat\/ceip-santiscle-vidreres\/wp-content\/uploads\/usu805\/2025\/07\/EscolaSantIscle-25.png\" alt=\"EscolaSantIscle-25\" width=\"1206\" height=\"585\" \/>\r\n\t\t\t\t\t\t\t\t\t\t<div class=\"slideshow_description_box slideshow_transparent\">\r\n\t\t\t\t\t\t<div class=\"slideshow_title\">EscolaSantIscle-25<\/div>\t\t\t\t\t\t\t\t\t\t\t<\/div>\r\n\t\t\t\t<\/div>\r\n\r\n\t\t\t\t\t\t<div style=\"clear: both;\"><\/div><\/div>\r\n\t\t<\/div>\r\n\r\n\t\t<div class=\"slideshow_controlPanel slideshow_transparent\" style=\"display: none;\"><ul><li class=\"slideshow_togglePlay\" data-play-text=\"Visualitza\" data-pause-text=\"Pausa\"><\/li><\/ul><\/div>\r\n\r\n\t\t<div class=\"slideshow_button slideshow_previous slideshow_transparent\" role=\"button\" data-previous-text=\"Anterior\" style=\"display: none;\"><\/div>\r\n\t\t<div class=\"slideshow_button slideshow_next slideshow_transparent\" role=\"button\" data-next-text=\"Seg\u00fcent\" style=\"display: none;\"><\/div>\r\n\r\n\t\t<div class=\"slideshow_pagination\" style=\"display: none;\" data-go-to-text=\"V\u00e9s a la diapositiva\"><div class=\"slideshow_pagination_center\"><\/div><\/div>\r\n\r\n\t\t<!-- WordPress Slideshow Version 2.3.1 -->\r\n\r\n\t\t\t<\/div>\r\n\r\n\n","protected":false},"excerpt":{"rendered":"<p>EL NOU CURS ENS PORTA UNA NOVA IMATGE<br \/>\nIniciem el curs 2025 2026 estrenant una nova imatge corporativa. Encara arrelats al territori i als valors que ens han definit sempre, el nou logotip del centre construeix la torre del Castell de Sant Iscle a partir de&hellip;  <a href=\"https:\/\/agora.xtec.cat\/ceip-santiscle-vidreres\/general\/nou-curs-nova-imatge\/\" title=\"Read NOU CURS, NOVA IMATGE\">Llegeix m\u00e9s\u00bb<\/a><\/p>\n","protected":false},"author":1,"featured_media":6053,"comment_status":"open","ping_status":"open","sticky":false,"template":"","format":"standard","meta":{"_bbp_topic_count":0,"_bbp_reply_count":0,"_bbp_total_topic_count":0,"_bbp_total_reply_count":0,"_bbp_voice_count":0,"_bbp_anonymous_reply_count":0,"_bbp_topic_count_hidden":0,"_bbp_reply_count_hidden":0,"_bbp_forum_subforum_count":0,"footnotes":""},"categories":[1,4],"tags":[],"class_list":["post-6045","post","type-post","status-publish","format-standard","has-post-thumbnail","hentry","category-general","category-portada"],"post_mailing_queue_ids":[],"_links":{"self":[{"href":"https:\/\/agora.xtec.cat\/ceip-santiscle-vidreres\/wp-json\/wp\/v2\/posts\/6045","targetHints":{"allow":["GET"]}}],"collection":[{"href":"https:\/\/agora.xtec.cat\/ceip-santiscle-vidreres\/wp-json\/wp\/v2\/posts"}],"about":[{"href":"https:\/\/agora.xtec.cat\/ceip-santiscle-vidreres\/wp-json\/wp\/v2\/types\/post"}],"author":[{"embeddable":true,"href":"https:\/\/agora.xtec.cat\/ceip-santiscle-vidreres\/wp-json\/wp\/v2\/users\/1"}],"replies":[{"embeddable":true,"href":"https:\/\/agora.xtec.cat\/ceip-santiscle-vidreres\/wp-json\/wp\/v2\/comments?post=6045"}],"version-history":[{"count":2,"href":"https:\/\/agora.xtec.cat\/ceip-santiscle-vidreres\/wp-json\/wp\/v2\/posts\/6045\/revisions"}],"predecessor-version":[{"id":6054,"href":"https:\/\/agora.xtec.cat\/ceip-santiscle-vidreres\/wp-json\/wp\/v2\/posts\/6045\/revisions\/6054"}],"wp:featuredmedia":[{"embeddable":true,"href":"https:\/\/agora.xtec.cat\/ceip-santiscle-vidreres\/wp-json\/wp\/v2\/media\/6053"}],"wp:attachment":[{"href":"https:\/\/agora.xtec.cat\/ceip-santiscle-vidreres\/wp-json\/wp\/v2\/media?parent=6045"}],"wp:term":[{"taxonomy":"category","embeddable":true,"href":"https:\/\/agora.xtec.cat\/ceip-santiscle-vidreres\/wp-json\/wp\/v2\/categories?post=6045"},{"taxonomy":"post_tag","embeddable":true,"href":"https:\/\/agora.xtec.cat\/ceip-santiscle-vidreres\/wp-json\/wp\/v2\/tags?post=6045"}],"curies":[{"name":"wp","href":"https:\/\/api.w.org\/{rel}","templated":true}]}}