{"id":641,"date":"2016-09-30T12:13:23","date_gmt":"2016-09-30T11:13:23","guid":{"rendered":"http:\/\/agora.xtec.cat\/ceip-santildefons-cornella\/?p=641"},"modified":"2016-10-14T12:34:30","modified_gmt":"2016-10-14T11:34:30","slug":"una-visita-entranyable","status":"publish","type":"post","link":"https:\/\/agora.xtec.cat\/ceip-santildefons-cornella\/general\/una-visita-entranyable\/","title":{"rendered":"Una visita entranyable"},"content":{"rendered":"<p style=\"text-align: center;\"><span style=\"color: #3366ff;\"><strong>El RCD Espanyol participa en el evento social de Ayuda en Acci\u00f3n en la Escuela de San Ildefonso<\/strong><\/span><\/p>\n<p><iframe loading=\"lazy\" title=\"Una visita entranyable\" width=\"500\" height=\"281\" src=\"https:\/\/www.youtube.com\/embed\/W9PjNwdlfu8?feature=oembed\" frameborder=\"0\" allow=\"accelerometer; autoplay; clipboard-write; encrypted-media; gyroscope; picture-in-picture; web-share\" referrerpolicy=\"strict-origin-when-cross-origin\" allowfullscreen><\/iframe><\/p>\n<p>Mediod\u00eda diferente, participativo, cercano y lleno de sonrisas. El RCD Espanyol ha participado en una acci\u00f3n social en la Escuela de San Ildefonso, con la colaboraci\u00f3n de Ayuda en Acci\u00f3n. Una relaci\u00f3n entre el club y la ONG que comenz\u00f3 con el apoyo a la campa\u00f1a de <a href=\"http:\/\/tiendasolidaria.ayudaenaccion.org\/\">La mochila solidaria<\/a>, para recaudar fondos para reducir la pobreza infantil y fomentar la igualdad de oportunidades entre los m\u00e1s peque\u00f1os.<\/p>\n<p>Los futbolistas Javi L\u00f3pez, V\u00edctor S\u00e1nchez, Javi Fuego y Diego L\u00f3pez, han conocido los ni\u00f1os y ni\u00f1as de la Escuela, han compartido un rato con ellos, les han explicado los h\u00e1bitos alimentarios recomendables y les han concienciado sobre la importancia de mantener una dieta adecuada.<\/p>\n<p>En el marco de la vista con los ni\u00f1os, dentro del programa <em><a href=\"https:\/\/www.ayudaenaccion.org\/igualdad-de-oportunidades-espana\">Aqu\u00ed tambi\u00e9n<\/a><\/em> de la ONG, el capit\u00e1n Javi L\u00f3pez ha destacado que &#8220;estos actos que impulsa el club son fundamentales, hay que cuidar la alimentaci\u00f3n y hacer deporte&#8221;. La visita ha sido un \u00e9xito tal y como reconoc\u00eda Elisabet Porqueras, directora del centro: &#8220;Que vengan unos jugadores tan importantes como los del Espanyol motiva mucho a nuestros alumnos&#8221;. Finalmente, Alicia Blasco, representante de Ayuda en Acci\u00f3n ha a\u00f1adido que &#8220;es genial que los futbolistas potencien el estudio y los h\u00e1bitos saludables&#8221;.<\/p>\n<p>Felices, expectantes y con una mirada deslumbrante, los ni\u00f1os y ni\u00f1as de la Escuela de San Ildefonso han podido conocer a los jugadores, que les han repartido tazas blanquiazules gentileza de Publicalco, empresa de merchandising que tambi\u00e9n ha querido colaborar en la iniciativa, escuchar sus consejos y jugar con la mascota, el inconfundible Perico.<\/p>\n<p><a href=\"https:\/\/goo.gl\/photos\/2rt9pqGCfdhNsnvJA\">https:\/\/goo.gl\/photos\/2rt9pqGCfdhNsnvJA<\/a><\/p>\n","protected":false},"excerpt":{"rendered":"<p>El RCD Espanyol participa en el evento social de Ayuda en Acci\u00f3n en la Escuela de San Ildefonso<\/p>\n<p>Mediod\u00eda diferente, participativo, cercano y lleno de sonrisas. El RCD Espanyol ha participado en una acci\u00f3n social en la Escuela de San Ildefonso, con la colaboraci\u00f3n de Ayuda&hellip;  <a href=\"https:\/\/agora.xtec.cat\/ceip-santildefons-cornella\/general\/una-visita-entranyable\/\" title=\"Read Una visita entranyable\">Llegeix m\u00e9s\u00bb<\/a><\/p>\n","protected":false},"author":5,"featured_media":645,"comment_status":"open","ping_status":"open","sticky":false,"template":"","format":"standard","meta":{"_bbp_topic_count":0,"_bbp_reply_count":0,"_bbp_total_topic_count":0,"_bbp_total_reply_count":0,"_bbp_voice_count":0,"_bbp_anonymous_reply_count":0,"_bbp_topic_count_hidden":0,"_bbp_reply_count_hidden":0,"_bbp_forum_subforum_count":0,"footnotes":""},"categories":[1,4],"tags":[],"class_list":["post-641","post","type-post","status-publish","format-standard","has-post-thumbnail","hentry","category-general","category-portada"],"post_mailing_queue_ids":[],"_links":{"self":[{"href":"https:\/\/agora.xtec.cat\/ceip-santildefons-cornella\/wp-json\/wp\/v2\/posts\/641","targetHints":{"allow":["GET"]}}],"collection":[{"href":"https:\/\/agora.xtec.cat\/ceip-santildefons-cornella\/wp-json\/wp\/v2\/posts"}],"about":[{"href":"https:\/\/agora.xtec.cat\/ceip-santildefons-cornella\/wp-json\/wp\/v2\/types\/post"}],"author":[{"embeddable":true,"href":"https:\/\/agora.xtec.cat\/ceip-santildefons-cornella\/wp-json\/wp\/v2\/users\/5"}],"replies":[{"embeddable":true,"href":"https:\/\/agora.xtec.cat\/ceip-santildefons-cornella\/wp-json\/wp\/v2\/comments?post=641"}],"version-history":[{"count":3,"href":"https:\/\/agora.xtec.cat\/ceip-santildefons-cornella\/wp-json\/wp\/v2\/posts\/641\/revisions"}],"predecessor-version":[{"id":688,"href":"https:\/\/agora.xtec.cat\/ceip-santildefons-cornella\/wp-json\/wp\/v2\/posts\/641\/revisions\/688"}],"wp:featuredmedia":[{"embeddable":true,"href":"https:\/\/agora.xtec.cat\/ceip-santildefons-cornella\/wp-json\/wp\/v2\/media\/645"}],"wp:attachment":[{"href":"https:\/\/agora.xtec.cat\/ceip-santildefons-cornella\/wp-json\/wp\/v2\/media?parent=641"}],"wp:term":[{"taxonomy":"category","embeddable":true,"href":"https:\/\/agora.xtec.cat\/ceip-santildefons-cornella\/wp-json\/wp\/v2\/categories?post=641"},{"taxonomy":"post_tag","embeddable":true,"href":"https:\/\/agora.xtec.cat\/ceip-santildefons-cornella\/wp-json\/wp\/v2\/tags?post=641"}],"curies":[{"name":"wp","href":"https:\/\/api.w.org\/{rel}","templated":true}]}}