{"id":6327,"date":"2025-06-13T13:57:59","date_gmt":"2025-06-13T11:57:59","guid":{"rendered":"https:\/\/agora.xtec.cat\/ceip-santildefons-cornella\/?p=6327"},"modified":"2025-06-13T13:57:59","modified_gmt":"2025-06-13T11:57:59","slug":"aliga-de-cornella","status":"publish","type":"post","link":"https:\/\/agora.xtec.cat\/ceip-santildefons-cornella\/general\/aliga-de-cornella\/","title":{"rendered":"\u00c0liga de Cornell\u00e0"},"content":{"rendered":"<p>Aquest tercer trimestre, els alumnes de 5\u00e8A hem estat fent les \u00faltimes investigacions de la nostra pregunta del projecte. Per una banda, vam anar a visitar l&#8217;\u00c0liga de Cornell\u00e0 al castell. Va ser molt emocionant poder veure-la de tan a prop.<\/p>\n<p>Per altra banda, el passat 29 de maig vam tenir l&#8217;espl\u00e8ndida visita de l&#8217;Oriol, membre de l&#8217;\u00c0liga de Cornell\u00e0. Vam poder fer-li una entrevista amb moltes de les preguntes que ens hav\u00edem\u00a0plantejat. Vam aprendre moltes coses i l&#8217;Oriol ens ho va explicar molt i molt b\u00e9.<\/p>\n<div><\/div>\n<div>Ens ha encantat con\u00e8ixer m\u00e9s coses de l&#8217;\u00c0liga de Cornell\u00e0.<\/div>\n<p><a href=\"https:\/\/photos.app.goo.gl\/SLMSuQxsNWQX23AGA\">https:\/\/photos.app.goo.gl\/SLMSuQxsNWQX23AGA<\/a><\/p>\n","protected":false},"excerpt":{"rendered":"<p>Aquest tercer trimestre, els alumnes de 5\u00e8A hem estat fent les \u00faltimes investigacions de la nostra pregunta del projecte. Per una banda, vam anar a visitar l&#8217;\u00c0liga de Cornell\u00e0 al castell. Va ser molt emocionant poder veure-la de tan a prop.<br \/>\nPer altra banda, el passat&hellip;  <a href=\"https:\/\/agora.xtec.cat\/ceip-santildefons-cornella\/general\/aliga-de-cornella\/\" title=\"Read \u00c0liga de Cornell\u00e0\">Llegeix m\u00e9s\u00bb<\/a><\/p>\n","protected":false},"author":44,"featured_media":0,"comment_status":"open","ping_status":"open","sticky":false,"template":"","format":"standard","meta":{"_bbp_topic_count":0,"_bbp_reply_count":0,"_bbp_total_topic_count":0,"_bbp_total_reply_count":0,"_bbp_voice_count":0,"_bbp_anonymous_reply_count":0,"_bbp_topic_count_hidden":0,"_bbp_reply_count_hidden":0,"_bbp_forum_subforum_count":0,"footnotes":""},"categories":[14,1,4,5],"tags":[],"class_list":["post-6327","post","type-post","status-publish","format-standard","hentry","category-5e","category-general","category-portada","category-primaria"],"post_mailing_queue_ids":[],"_links":{"self":[{"href":"https:\/\/agora.xtec.cat\/ceip-santildefons-cornella\/wp-json\/wp\/v2\/posts\/6327","targetHints":{"allow":["GET"]}}],"collection":[{"href":"https:\/\/agora.xtec.cat\/ceip-santildefons-cornella\/wp-json\/wp\/v2\/posts"}],"about":[{"href":"https:\/\/agora.xtec.cat\/ceip-santildefons-cornella\/wp-json\/wp\/v2\/types\/post"}],"author":[{"embeddable":true,"href":"https:\/\/agora.xtec.cat\/ceip-santildefons-cornella\/wp-json\/wp\/v2\/users\/44"}],"replies":[{"embeddable":true,"href":"https:\/\/agora.xtec.cat\/ceip-santildefons-cornella\/wp-json\/wp\/v2\/comments?post=6327"}],"version-history":[{"count":1,"href":"https:\/\/agora.xtec.cat\/ceip-santildefons-cornella\/wp-json\/wp\/v2\/posts\/6327\/revisions"}],"predecessor-version":[{"id":6328,"href":"https:\/\/agora.xtec.cat\/ceip-santildefons-cornella\/wp-json\/wp\/v2\/posts\/6327\/revisions\/6328"}],"wp:attachment":[{"href":"https:\/\/agora.xtec.cat\/ceip-santildefons-cornella\/wp-json\/wp\/v2\/media?parent=6327"}],"wp:term":[{"taxonomy":"category","embeddable":true,"href":"https:\/\/agora.xtec.cat\/ceip-santildefons-cornella\/wp-json\/wp\/v2\/categories?post=6327"},{"taxonomy":"post_tag","embeddable":true,"href":"https:\/\/agora.xtec.cat\/ceip-santildefons-cornella\/wp-json\/wp\/v2\/tags?post=6327"}],"curies":[{"name":"wp","href":"https:\/\/api.w.org\/{rel}","templated":true}]}}