{"id":6318,"date":"2025-06-06T15:33:49","date_gmt":"2025-06-06T13:33:49","guid":{"rendered":"https:\/\/agora.xtec.cat\/ceip-santildefons-cornella\/?p=6318"},"modified":"2025-06-06T15:40:32","modified_gmt":"2025-06-06T13:40:32","slug":"la-festa-major-sesta-apropant","status":"publish","type":"post","link":"https:\/\/agora.xtec.cat\/ceip-santildefons-cornella\/general\/la-festa-major-sesta-apropant\/","title":{"rendered":"La Festa Major s&#8217;est\u00e0 apropant"},"content":{"rendered":"<p data-start=\"69\" data-end=\"339\">A l\u2019escola estem molt contents de compartir una gran not\u00edcia: els alumnes de primer han preparat un v\u00eddeo molt especial en format de telenot\u00edcies! En aquest reportatge, ens expliquen amb molta il\u00b7lusi\u00f3 que ben aviat comen\u00e7ar\u00e0 la <strong data-start=\"298\" data-end=\"338\">Festa Major de Cornell\u00e0 de Llobregat<\/strong>.<\/p>\n<p data-start=\"341\" data-end=\"591\">Amb molta dedicaci\u00f3 i entusiasme, els infants han assumit els rols de periodistes, c\u00e0meres i reporters per informar-nos de tot el que han anat preparant per la Festa Major de 2025.<\/p>\n<p data-start=\"593\" data-end=\"848\"><span data-start=\"596\" data-end=\"619\">El <strong>d<\/strong><\/span><strong data-start=\"596\" data-end=\"619\">issabte 21 de juny<\/strong>, tota la comunitat educativa est\u00e0 convidada a participar en un dels moments m\u00e9s emocionants de la festa: <strong data-start=\"725\" data-end=\"847\">la presentaci\u00f3 dels capgrossos, els gegants i la b\u00e8stia que hem creat entre tots i totes durant aquest curs a l\u2019escola<\/strong>. Ens trobarem a les 17:30h de la tarda a l&#8217;escola per agafar els capgrossos i gegants i anar tots junts fins a la plantada de capgrossos, que comen\u00e7ar\u00e0 a les 18:30h.<\/p>\n<p data-start=\"1073\" data-end=\"1223\">Us animem a venir, a gaudir de la festa i a acompanyar-nos en aquest moment tan especial. Visca la Festa Major i visca els nostres artistes de primer!<\/p>\n<p data-start=\"1225\" data-end=\"1294\"><strong data-start=\"1225\" data-end=\"1248\">Mireu el v\u00eddeo aqu\u00ed<\/strong> \ud83c\udfa5\ud83d\udc47<\/p>\n<p><iframe loading=\"lazy\" title=\"TELENOT\u00cdCIES SANT ILDEFONS - FESTA MAJOR 2025\" width=\"500\" height=\"281\" src=\"https:\/\/www.youtube.com\/embed\/EybF_2aM4Aw?feature=oembed\" frameborder=\"0\" allow=\"accelerometer; autoplay; clipboard-write; encrypted-media; gyroscope; picture-in-picture; web-share\" referrerpolicy=\"strict-origin-when-cross-origin\" allowfullscreen><\/iframe><\/p>\n","protected":false},"excerpt":{"rendered":"<p>A l\u2019escola estem molt contents de compartir una gran not\u00edcia: els alumnes de primer han preparat un v\u00eddeo molt especial en format de telenot\u00edcies! En aquest reportatge, ens expliquen amb molta il\u00b7lusi\u00f3 que ben aviat comen\u00e7ar\u00e0 la Festa Major de Cornell\u00e0 de Llobregat.<br \/>\nAmb molta dedicaci\u00f3&hellip;  <a href=\"https:\/\/agora.xtec.cat\/ceip-santildefons-cornella\/general\/la-festa-major-sesta-apropant\/\" title=\"Read La Festa Major s&#8217;est\u00e0 apropant\">Llegeix m\u00e9s\u00bb<\/a><\/p>\n","protected":false},"author":40,"featured_media":6320,"comment_status":"open","ping_status":"open","sticky":false,"template":"","format":"standard","meta":{"_bbp_topic_count":0,"_bbp_reply_count":0,"_bbp_total_topic_count":0,"_bbp_total_reply_count":0,"_bbp_voice_count":0,"_bbp_anonymous_reply_count":0,"_bbp_topic_count_hidden":0,"_bbp_reply_count_hidden":0,"_bbp_forum_subforum_count":0,"footnotes":""},"categories":[10,1,4,5],"tags":[447,411,254],"class_list":["post-6318","post","type-post","status-publish","format-standard","has-post-thumbnail","hentry","category-1r","category-general","category-portada","category-primaria","tag-audiovisual","tag-festa-major","tag-projecte"],"post_mailing_queue_ids":[],"_links":{"self":[{"href":"https:\/\/agora.xtec.cat\/ceip-santildefons-cornella\/wp-json\/wp\/v2\/posts\/6318","targetHints":{"allow":["GET"]}}],"collection":[{"href":"https:\/\/agora.xtec.cat\/ceip-santildefons-cornella\/wp-json\/wp\/v2\/posts"}],"about":[{"href":"https:\/\/agora.xtec.cat\/ceip-santildefons-cornella\/wp-json\/wp\/v2\/types\/post"}],"author":[{"embeddable":true,"href":"https:\/\/agora.xtec.cat\/ceip-santildefons-cornella\/wp-json\/wp\/v2\/users\/40"}],"replies":[{"embeddable":true,"href":"https:\/\/agora.xtec.cat\/ceip-santildefons-cornella\/wp-json\/wp\/v2\/comments?post=6318"}],"version-history":[{"count":1,"href":"https:\/\/agora.xtec.cat\/ceip-santildefons-cornella\/wp-json\/wp\/v2\/posts\/6318\/revisions"}],"predecessor-version":[{"id":6319,"href":"https:\/\/agora.xtec.cat\/ceip-santildefons-cornella\/wp-json\/wp\/v2\/posts\/6318\/revisions\/6319"}],"wp:featuredmedia":[{"embeddable":true,"href":"https:\/\/agora.xtec.cat\/ceip-santildefons-cornella\/wp-json\/wp\/v2\/media\/6320"}],"wp:attachment":[{"href":"https:\/\/agora.xtec.cat\/ceip-santildefons-cornella\/wp-json\/wp\/v2\/media?parent=6318"}],"wp:term":[{"taxonomy":"category","embeddable":true,"href":"https:\/\/agora.xtec.cat\/ceip-santildefons-cornella\/wp-json\/wp\/v2\/categories?post=6318"},{"taxonomy":"post_tag","embeddable":true,"href":"https:\/\/agora.xtec.cat\/ceip-santildefons-cornella\/wp-json\/wp\/v2\/tags?post=6318"}],"curies":[{"name":"wp","href":"https:\/\/api.w.org\/{rel}","templated":true}]}}