{"id":6195,"date":"2025-04-07T16:40:31","date_gmt":"2025-04-07T14:40:31","guid":{"rendered":"https:\/\/agora.xtec.cat\/ceip-santildefons-cornella\/?p=6195"},"modified":"2025-04-08T08:55:45","modified_gmt":"2025-04-08T06:55:45","slug":"col-paperina-2","status":"publish","type":"post","link":"https:\/\/agora.xtec.cat\/ceip-santildefons-cornella\/general\/col-paperina-2\/","title":{"rendered":"Col paperina"},"content":{"rendered":"<div dir=\"ltr\">\n<h3>Els nens i nenes de tercer creen una can\u00e7\u00f3 sobre la col paperina!<\/h3>\n<p>Aquest curs, els alumnes de tercer han estat treballant l\u2019hort de l\u2019escola de ben a prop. Una de les activitats que m\u00e9s il\u00b7lusi\u00f3 els ha fet ha estat plantar <em>cols paperines<\/em>, una varietat tradicional i ben especial del nostre territori.<\/p>\n<p>Per\u00f2 no s\u2019han aturat aqu\u00ed! Inspirats per l\u2019experi\u00e8ncia de veure cr\u00e9ixer les seves plantes, han posat en marxa la creativitat i&#8230; han <strong>compost una can\u00e7\u00f3 pr\u00f2pia sobre la col paperina<\/strong>! Entre tots i totes han imaginat la lletra, han pensat la melodia i han gaudit molt\u00edssim cantant-la.<\/p>\n<p><strong>Aqu\u00ed podeu escoltar la can\u00e7\u00f3 i llegir-ne la lletra:<\/strong><\/p>\n<p>La Col Paperina<\/p>\n<p>Infants 3r, escola Sant Ildefons i Enric Udaondo<\/p>\n<p>LA COL PAPERINA <b>X4\u00a0<\/b><\/p>\n<p><b>LA<\/b>, LA LA LA LA<\/p>\n<p><b>COL, <\/b>PA PA PA PA <b>X2\u00a0<\/b><\/p>\n<p><b>RI <\/b>PA PA Ri i NA<\/p>\n<p>PORTA VITAMINES<\/p>\n<p>i \u00c9S BON ALIMENT<\/p>\n<p>QUAN ELS NENS LA MENGEN<\/p>\n<p>SEMPRE ESTAN CONTENTS<\/p>\n<p><b>LA<\/b>, LA LA LA LA<\/p>\n<p><b>COL, <\/b>PA PA PA PA <b>X2\u00a0<\/b><\/p>\n<p><b>RI <\/b>PA PA Ri i NA<\/p>\n<p>\u00c9S M\u00c9S PETITONA<\/p>\n<p>QUE UNA COL NORMAL<\/p>\n<p>\u00c9S COM UNA ESFERA<\/p>\n<p>i EM TREU TOTS ELS MALS<\/p>\n<p><b>LA<\/b>, LA LA LA LA<\/p>\n<p><b>COL, <\/b>PA PA PA PA <b>X2\u00a0<\/b><\/p>\n<p><b>RI <\/b>PA PA Ri i NA<\/p>\n<p>ES PLANTA A L\u2019OCTUBRE<\/p>\n<p>QUAN COMEN\u00c7A EL FRED<\/p>\n<p>QUAN ARRIBI PASQUA<\/p>\n<p>ENS LA MENJAREM<\/p>\n<p><b>LA<\/b>, LA LA LA LA<\/p>\n<p><b>COL, <\/b>PA PA PA PA <b>X2\u00a0<\/b><\/p>\n<p><b>RI <\/b>PA PA Ri i NA<\/p>\n<p>SI VOLEM CUIDAR-LA TOTS L\u2019HEM DE REGAR NO LI CAL MOLTA AIGUA O S\u2019OFEGAR\u00c0.<\/p>\n<p>Felicitats a tots i totes les artistes de tercer! Heu demostrat que cultivar l\u2019hort tamb\u00e9 pot ser una font d\u2019inspiraci\u00f3 musical!<\/p>\n<p><iframe loading=\"lazy\" title=\"col paperina2\" src=\"https:\/\/player.vimeo.com\/video\/1073230513?dnt=1&amp;app_id=122963\" width=\"500\" height=\"281\" frameborder=\"0\" allow=\"autoplay; fullscreen; picture-in-picture; clipboard-write; encrypted-media\"><\/iframe><\/p>\n<\/div>\n","protected":false},"excerpt":{"rendered":"<p>Els nens i nenes de tercer creen una can\u00e7\u00f3 sobre la col paperina!<br \/>\nAquest curs, els alumnes de tercer han estat treballant l\u2019hort de l\u2019escola de ben a prop. Una de les activitats que m\u00e9s il\u00b7lusi\u00f3 els ha fet ha estat plantar cols paperines, una varietat&hellip;  <a href=\"https:\/\/agora.xtec.cat\/ceip-santildefons-cornella\/general\/col-paperina-2\/\" title=\"Read Col paperina\">Llegeix m\u00e9s\u00bb<\/a><\/p>\n","protected":false},"author":5,"featured_media":6197,"comment_status":"open","ping_status":"closed","sticky":false,"template":"","format":"standard","meta":{"_bbp_topic_count":0,"_bbp_reply_count":0,"_bbp_total_topic_count":0,"_bbp_total_reply_count":0,"_bbp_voice_count":0,"_bbp_anonymous_reply_count":0,"_bbp_topic_count_hidden":0,"_bbp_reply_count_hidden":0,"_bbp_forum_subforum_count":0,"footnotes":""},"categories":[12,1,4],"tags":[417],"class_list":["post-6195","post","type-post","status-publish","format-standard","has-post-thumbnail","hentry","category-3r","category-general","category-portada","tag-col-paperina"],"post_mailing_queue_ids":[],"_links":{"self":[{"href":"https:\/\/agora.xtec.cat\/ceip-santildefons-cornella\/wp-json\/wp\/v2\/posts\/6195","targetHints":{"allow":["GET"]}}],"collection":[{"href":"https:\/\/agora.xtec.cat\/ceip-santildefons-cornella\/wp-json\/wp\/v2\/posts"}],"about":[{"href":"https:\/\/agora.xtec.cat\/ceip-santildefons-cornella\/wp-json\/wp\/v2\/types\/post"}],"author":[{"embeddable":true,"href":"https:\/\/agora.xtec.cat\/ceip-santildefons-cornella\/wp-json\/wp\/v2\/users\/5"}],"replies":[{"embeddable":true,"href":"https:\/\/agora.xtec.cat\/ceip-santildefons-cornella\/wp-json\/wp\/v2\/comments?post=6195"}],"version-history":[{"count":6,"href":"https:\/\/agora.xtec.cat\/ceip-santildefons-cornella\/wp-json\/wp\/v2\/posts\/6195\/revisions"}],"predecessor-version":[{"id":6204,"href":"https:\/\/agora.xtec.cat\/ceip-santildefons-cornella\/wp-json\/wp\/v2\/posts\/6195\/revisions\/6204"}],"wp:featuredmedia":[{"embeddable":true,"href":"https:\/\/agora.xtec.cat\/ceip-santildefons-cornella\/wp-json\/wp\/v2\/media\/6197"}],"wp:attachment":[{"href":"https:\/\/agora.xtec.cat\/ceip-santildefons-cornella\/wp-json\/wp\/v2\/media?parent=6195"}],"wp:term":[{"taxonomy":"category","embeddable":true,"href":"https:\/\/agora.xtec.cat\/ceip-santildefons-cornella\/wp-json\/wp\/v2\/categories?post=6195"},{"taxonomy":"post_tag","embeddable":true,"href":"https:\/\/agora.xtec.cat\/ceip-santildefons-cornella\/wp-json\/wp\/v2\/tags?post=6195"}],"curies":[{"name":"wp","href":"https:\/\/api.w.org\/{rel}","templated":true}]}}