{"id":6104,"date":"2025-02-03T15:26:52","date_gmt":"2025-02-03T14:26:52","guid":{"rendered":"https:\/\/agora.xtec.cat\/ceip-santildefons-cornella\/?p=6104"},"modified":"2025-02-03T15:27:31","modified_gmt":"2025-02-03T14:27:31","slug":"lescola-cuida-la-natura-i-el-medi-ambient","status":"publish","type":"post","link":"https:\/\/agora.xtec.cat\/ceip-santildefons-cornella\/general\/lescola-cuida-la-natura-i-el-medi-ambient\/","title":{"rendered":"L&#8217;escola cuida la natura i el medi ambient"},"content":{"rendered":"<p>A la nostra escola estem compromesos amb la cura del medi ambient a trav\u00e9s de dos projectes molt especials.<\/p>\n<p>El primer \u00e9s que tenim un arbre plantat a San Bartolom\u00e9 de la Torre, a Huelva, en nom de l\u2019escola, gr\u00e0cies a l\u2019empresa que ens va subministrar els protectors per als radiadors del gimn\u00e0s. Aquest arbre simbolitza el nostre comprom\u00eds amb la natura.<\/p>\n<p>El segon projecte \u00e9s l\u2019apadrinament d\u2019una tortuga marina anomenada &#8220;4&#215;4&#8221; al CRAM. Els alumnes de I5 fan el seguiment de la tortuga, aprenent sobre la import\u00e0ncia de la conservaci\u00f3 de les esp\u00e8cies marines.<\/p>\n<p>Amb aquests projectes, els nostres alumnes aprenen el valor de cuidar el planeta i com petites accions poden fer una gran difer\u00e8ncia.<\/p>\n","protected":false},"excerpt":{"rendered":"<p>A la nostra escola estem compromesos amb la cura del medi ambient a trav\u00e9s de dos projectes molt especials.<br \/>\nEl primer \u00e9s que tenim un arbre plantat a San Bartolom\u00e9 de la Torre, a Huelva, en nom de l\u2019escola, gr\u00e0cies a l\u2019empresa que ens va subministrar&hellip;  <a href=\"https:\/\/agora.xtec.cat\/ceip-santildefons-cornella\/general\/lescola-cuida-la-natura-i-el-medi-ambient\/\" title=\"Read L&#8217;escola cuida la natura i el medi ambient\">Llegeix m\u00e9s\u00bb<\/a><\/p>\n","protected":false},"author":38,"featured_media":6105,"comment_status":"open","ping_status":"closed","sticky":false,"template":"","format":"standard","meta":{"_bbp_topic_count":0,"_bbp_reply_count":0,"_bbp_total_topic_count":0,"_bbp_total_reply_count":0,"_bbp_voice_count":0,"_bbp_anonymous_reply_count":0,"_bbp_topic_count_hidden":0,"_bbp_reply_count_hidden":0,"_bbp_forum_subforum_count":0,"footnotes":""},"categories":[10,11,12,13,14,15,1,3,8,9,2,4,5],"tags":[430,431,432,259,127,254,429],"class_list":["post-6104","post","type-post","status-publish","format-standard","has-post-thumbnail","hentry","category-1r","category-2n","category-3r","category-4t","category-5e","category-6e","category-general","category-i3","category-i4","category-i5","category-infantil","category-portada","category-primaria","tag-4x4","tag-conservacio","tag-escola-verda","tag-medi-ambient","tag-natura","tag-projecte","tag-tortuga"],"post_mailing_queue_ids":[],"_links":{"self":[{"href":"https:\/\/agora.xtec.cat\/ceip-santildefons-cornella\/wp-json\/wp\/v2\/posts\/6104","targetHints":{"allow":["GET"]}}],"collection":[{"href":"https:\/\/agora.xtec.cat\/ceip-santildefons-cornella\/wp-json\/wp\/v2\/posts"}],"about":[{"href":"https:\/\/agora.xtec.cat\/ceip-santildefons-cornella\/wp-json\/wp\/v2\/types\/post"}],"author":[{"embeddable":true,"href":"https:\/\/agora.xtec.cat\/ceip-santildefons-cornella\/wp-json\/wp\/v2\/users\/38"}],"replies":[{"embeddable":true,"href":"https:\/\/agora.xtec.cat\/ceip-santildefons-cornella\/wp-json\/wp\/v2\/comments?post=6104"}],"version-history":[{"count":2,"href":"https:\/\/agora.xtec.cat\/ceip-santildefons-cornella\/wp-json\/wp\/v2\/posts\/6104\/revisions"}],"predecessor-version":[{"id":6107,"href":"https:\/\/agora.xtec.cat\/ceip-santildefons-cornella\/wp-json\/wp\/v2\/posts\/6104\/revisions\/6107"}],"wp:featuredmedia":[{"embeddable":true,"href":"https:\/\/agora.xtec.cat\/ceip-santildefons-cornella\/wp-json\/wp\/v2\/media\/6105"}],"wp:attachment":[{"href":"https:\/\/agora.xtec.cat\/ceip-santildefons-cornella\/wp-json\/wp\/v2\/media?parent=6104"}],"wp:term":[{"taxonomy":"category","embeddable":true,"href":"https:\/\/agora.xtec.cat\/ceip-santildefons-cornella\/wp-json\/wp\/v2\/categories?post=6104"},{"taxonomy":"post_tag","embeddable":true,"href":"https:\/\/agora.xtec.cat\/ceip-santildefons-cornella\/wp-json\/wp\/v2\/tags?post=6104"}],"curies":[{"name":"wp","href":"https:\/\/api.w.org\/{rel}","templated":true}]}}