{"id":602,"date":"2016-06-22T09:44:50","date_gmt":"2016-06-22T08:44:50","guid":{"rendered":"http:\/\/agora.xtec.cat\/ceip-santildefons-cornella\/?p=602"},"modified":"2016-10-14T12:35:43","modified_gmt":"2016-10-14T11:35:43","slug":"balls-i-festa-comiat-6e-2016","status":"publish","type":"post","link":"https:\/\/agora.xtec.cat\/ceip-santildefons-cornella\/portada\/balls-i-festa-comiat-6e-2016\/","title":{"rendered":"Balls i festa comiat 6\u00e8 2016"},"content":{"rendered":"<p><strong>No calen paraules, uns balls incre\u00efbles realitzats pels nens de l \u2018Escola Sant Ildefons, uns regals molt emotius i un comiat de sis\u00e8 per no oblidar. Recordeu nens de sis\u00e8 sempre tindreu aqu\u00ed la vostra escola i en els nostres cors moments que no oblidarem mai. Molta sort als que marxeu al institut i als que us quedeu aqu\u00ed, bones vacances i a gaudir d\u2019elles per carregar piles i descobrir moments i llocs nous tant a nivell f\u00edsics com ps\u00edquics. Fins a Setembre.<\/strong><\/p>\n<h1><strong>!!No cal paraules nom\u00e9s emocions!!<\/strong><\/h1>\n<p><a href=\"https:\/\/goo.gl\/photos\/DXDng3gwTRp7bsTW8\">https:\/\/goo.gl\/photos\/DXDng3gwTRp7bsTW8<\/a><\/p>\n","protected":false},"excerpt":{"rendered":"<p>No calen paraules, uns balls incre\u00efbles realitzats pels nens de l \u2018Escola Sant Ildefons, uns regals molt emotius i un comiat de sis\u00e8 per no oblidar. Recordeu nens de sis\u00e8 sempre tindreu aqu\u00ed la vostra escola i en els nostres cors moments que no oblidarem&hellip;  <a href=\"https:\/\/agora.xtec.cat\/ceip-santildefons-cornella\/portada\/balls-i-festa-comiat-6e-2016\/\" title=\"Read Balls i festa comiat 6\u00e8 2016\">Llegeix m\u00e9s\u00bb<\/a><\/p>\n","protected":false},"author":5,"featured_media":605,"comment_status":"open","ping_status":"open","sticky":false,"template":"","format":"standard","meta":{"_bbp_topic_count":0,"_bbp_reply_count":0,"_bbp_total_topic_count":0,"_bbp_total_reply_count":0,"_bbp_voice_count":0,"_bbp_anonymous_reply_count":0,"_bbp_topic_count_hidden":0,"_bbp_reply_count_hidden":0,"_bbp_forum_subforum_count":0,"footnotes":""},"categories":[4],"tags":[55,54],"class_list":["post-602","post","type-post","status-publish","format-standard","has-post-thumbnail","hentry","category-portada","tag-balls","tag-comiat-festa-6e"],"post_mailing_queue_ids":[],"_links":{"self":[{"href":"https:\/\/agora.xtec.cat\/ceip-santildefons-cornella\/wp-json\/wp\/v2\/posts\/602","targetHints":{"allow":["GET"]}}],"collection":[{"href":"https:\/\/agora.xtec.cat\/ceip-santildefons-cornella\/wp-json\/wp\/v2\/posts"}],"about":[{"href":"https:\/\/agora.xtec.cat\/ceip-santildefons-cornella\/wp-json\/wp\/v2\/types\/post"}],"author":[{"embeddable":true,"href":"https:\/\/agora.xtec.cat\/ceip-santildefons-cornella\/wp-json\/wp\/v2\/users\/5"}],"replies":[{"embeddable":true,"href":"https:\/\/agora.xtec.cat\/ceip-santildefons-cornella\/wp-json\/wp\/v2\/comments?post=602"}],"version-history":[{"count":3,"href":"https:\/\/agora.xtec.cat\/ceip-santildefons-cornella\/wp-json\/wp\/v2\/posts\/602\/revisions"}],"predecessor-version":[{"id":689,"href":"https:\/\/agora.xtec.cat\/ceip-santildefons-cornella\/wp-json\/wp\/v2\/posts\/602\/revisions\/689"}],"wp:featuredmedia":[{"embeddable":true,"href":"https:\/\/agora.xtec.cat\/ceip-santildefons-cornella\/wp-json\/wp\/v2\/media\/605"}],"wp:attachment":[{"href":"https:\/\/agora.xtec.cat\/ceip-santildefons-cornella\/wp-json\/wp\/v2\/media?parent=602"}],"wp:term":[{"taxonomy":"category","embeddable":true,"href":"https:\/\/agora.xtec.cat\/ceip-santildefons-cornella\/wp-json\/wp\/v2\/categories?post=602"},{"taxonomy":"post_tag","embeddable":true,"href":"https:\/\/agora.xtec.cat\/ceip-santildefons-cornella\/wp-json\/wp\/v2\/tags?post=602"}],"curies":[{"name":"wp","href":"https:\/\/api.w.org\/{rel}","templated":true}]}}