{"id":6008,"date":"2024-11-01T12:18:36","date_gmt":"2024-11-01T11:18:36","guid":{"rendered":"https:\/\/agora.xtec.cat\/ceip-santildefons-cornella\/?p=6008"},"modified":"2024-11-05T14:56:07","modified_gmt":"2024-11-05T13:56:07","slug":"informacio-cros-escolar","status":"publish","type":"post","link":"https:\/\/agora.xtec.cat\/ceip-santildefons-cornella\/portada\/informacio-cros-escolar\/","title":{"rendered":"Av\u00eds Cros Escolar Comarcal"},"content":{"rendered":"<p>Bon dia,<\/p>\n<p>Respecte a la suspensi\u00f3 del passat 26 d\u2019octubre del Cros Escolar Comarcal al Parc de Can Mercader de Cornell\u00e0 de Llobregat, informem que, despr\u00e9s de valorar tots els aspectes organitzatius, NO \u00e9s possible encabir el Cros Escolar Comarcal en una altra data del 2024.<\/p>\n<p>A la ciutat es realitza un altre Cros (organitzat per l\u2019entitat Corresolidaris) el pr\u00f2xim diumenge<strong> 10 de novembre<\/strong> al mateix <strong>Parc de Can Mercader<\/strong>, us convidem a participar:<\/p>\n<ul>\n<li>Totes les curses infantils s\u00f3n gratu\u00eftes per a TOTHOM.<\/li>\n<li>Els participants amb any de naixement del 2007 al 2010, inscrits al Cros del 26 d\u2019octubre, poden participar gratu\u00eftament a les infantils, per\u00f2 si s\u2019atreveixen a fer el circuit de 4,7\u202fkm per a adults, em podeu demanar un codi per aconseguir la inscripci\u00f3 de forma gratu\u00efta. <span style=\"color: #993366;\">A educaci\u00f3 F\u00edsica en parlem.<\/span><\/li>\n<li>El mateix amb els adults\/es que est\u00e0veu inscrits\/es a la Cursa Solid\u00e0ria del 26 d\u2019octubre. Tamb\u00e9 us puc donar un codi per inscripci\u00f3 gratu\u00efta.<\/li>\n<li>De totes maneres, recordeu que tot el benefici d\u2019aquest Cros va destinat a <strong>La Marat\u00f3 de TV3 que<\/strong> aquest any recapta fons per a la investigaci\u00f3 de les <strong>malalties respirat\u00f2ries.<\/strong><\/li>\n<li>Tingueu en compte que els horaris i els circuits s\u00f3n diferents aix\u00ed que llegiu-vos tota la informaci\u00f3 detingudament.<\/li>\n<li>El dorsal que teniu no \u00e9s v\u00e0lid per aquesta cursa, us donaran un altre el mateix dia al Parc.<\/li>\n<li>La data l\u00edmit d\u2019inscripci\u00f3 per aquest Cros \u00e9s el pr\u00f2xim dimecres 6 de novembre.<\/li>\n<\/ul>\n<p>Aix\u00ed que durant aquesta setmana anirem preguntant als\u00a0 alumnes que es vulguin apuntar.<\/p>\n<p>Disculpeu les mol\u00e8sties i moltes gr\u00e0cies per la vostra col\u00b7laboraci\u00f3 i participaci\u00f3.<\/p>\n<p>Fins a una altra!<\/p>\n<p>&nbsp;<\/p>\n","protected":false},"excerpt":{"rendered":"<p>Bon dia,<br \/>\nRespecte a la suspensi\u00f3 del passat 26 d\u2019octubre del Cros Escolar Comarcal al Parc de Can Mercader de Cornell\u00e0 de Llobregat, informem que, despr\u00e9s de valorar tots els aspectes organitzatius, NO \u00e9s possible encabir el Cros Escolar Comarcal en una altra data del 2024.<br \/>\nA&hellip;  <a href=\"https:\/\/agora.xtec.cat\/ceip-santildefons-cornella\/portada\/informacio-cros-escolar\/\" title=\"Read Av\u00eds Cros Escolar Comarcal\">Llegeix m\u00e9s\u00bb<\/a><\/p>\n","protected":false},"author":5,"featured_media":0,"comment_status":"open","ping_status":"closed","sticky":false,"template":"","format":"standard","meta":{"_bbp_topic_count":0,"_bbp_reply_count":0,"_bbp_total_topic_count":0,"_bbp_total_reply_count":0,"_bbp_voice_count":0,"_bbp_anonymous_reply_count":0,"_bbp_topic_count_hidden":0,"_bbp_reply_count_hidden":0,"_bbp_forum_subforum_count":0,"footnotes":""},"categories":[76,4],"tags":[],"class_list":["post-6008","post","type-post","status-publish","format-standard","hentry","category-educacio-fisica","category-portada"],"post_mailing_queue_ids":[],"_links":{"self":[{"href":"https:\/\/agora.xtec.cat\/ceip-santildefons-cornella\/wp-json\/wp\/v2\/posts\/6008","targetHints":{"allow":["GET"]}}],"collection":[{"href":"https:\/\/agora.xtec.cat\/ceip-santildefons-cornella\/wp-json\/wp\/v2\/posts"}],"about":[{"href":"https:\/\/agora.xtec.cat\/ceip-santildefons-cornella\/wp-json\/wp\/v2\/types\/post"}],"author":[{"embeddable":true,"href":"https:\/\/agora.xtec.cat\/ceip-santildefons-cornella\/wp-json\/wp\/v2\/users\/5"}],"replies":[{"embeddable":true,"href":"https:\/\/agora.xtec.cat\/ceip-santildefons-cornella\/wp-json\/wp\/v2\/comments?post=6008"}],"version-history":[{"count":6,"href":"https:\/\/agora.xtec.cat\/ceip-santildefons-cornella\/wp-json\/wp\/v2\/posts\/6008\/revisions"}],"predecessor-version":[{"id":6014,"href":"https:\/\/agora.xtec.cat\/ceip-santildefons-cornella\/wp-json\/wp\/v2\/posts\/6008\/revisions\/6014"}],"wp:attachment":[{"href":"https:\/\/agora.xtec.cat\/ceip-santildefons-cornella\/wp-json\/wp\/v2\/media?parent=6008"}],"wp:term":[{"taxonomy":"category","embeddable":true,"href":"https:\/\/agora.xtec.cat\/ceip-santildefons-cornella\/wp-json\/wp\/v2\/categories?post=6008"},{"taxonomy":"post_tag","embeddable":true,"href":"https:\/\/agora.xtec.cat\/ceip-santildefons-cornella\/wp-json\/wp\/v2\/tags?post=6008"}],"curies":[{"name":"wp","href":"https:\/\/api.w.org\/{rel}","templated":true}]}}