{"id":5995,"date":"2024-10-26T09:13:14","date_gmt":"2024-10-26T07:13:14","guid":{"rendered":"https:\/\/agora.xtec.cat\/ceip-santildefons-cornella\/?p=5995"},"modified":"2024-10-26T12:50:28","modified_gmt":"2024-10-26T10:50:28","slug":"urgent-cross-comarcal-anulada","status":"publish","type":"post","link":"https:\/\/agora.xtec.cat\/ceip-santildefons-cornella\/portada\/urgent-cross-comarcal-anulada\/","title":{"rendered":"Urgent Cros Comarcal anul\u00b7lada"},"content":{"rendered":"<p style=\"font-weight: 400;\">Bon dia,<\/p>\n<p style=\"font-weight: 400;\">Des de l\u2019organitzaci\u00f3 del Cros Escolar d\u2019avui dissabte 26 d\u2019octubre al Parc de Can Mercader de Cornell\u00e0 de Llobregat, us comuniquem que l\u2019esdeveniment queda susp\u00e8s per causes meteorol\u00f2giques.<\/p>\n<p style=\"font-weight: 400;\">Guardeu el dorsal perqu\u00e8 la setmana que ve us informarem si \u00e9s possible ajornar-lo a una altra data o no.<\/p>\n<p style=\"font-weight: 400;\">Podeu dir a les fam\u00edlies que tamb\u00e9 poden veure els comunicats en refer\u00e8ncia al Cros a trav\u00e9s de les nostres xarxes socials @esportscornella.<\/p>\n<p style=\"font-weight: 400;\">Ens sap molt greu donar aquest missatge, per\u00f2 \u00e9s una decisi\u00f3 presa per preservar la seguretat dels i les participants, i per preservar l\u2019estat del Parc.<\/p>\n<p style=\"font-weight: 400;\">Salutacions,<\/p>\n<p style=\"font-weight: 400;\"><strong>Mariona Gil Villena<\/strong><\/p>\n<p style=\"font-weight: 400;\"><strong><em>T\u00e8cnica Departament d&#8217;Esports<\/em><\/strong><\/p>\n<p style=\"font-weight: 400;\">Ajuntament de Cornell\u00e0<\/p>\n","protected":false},"excerpt":{"rendered":"<p>Bon dia,<br \/>\nDes de l\u2019organitzaci\u00f3 del Cros Escolar d\u2019avui dissabte 26 d\u2019octubre al Parc de Can Mercader de Cornell\u00e0 de Llobregat, us comuniquem que l\u2019esdeveniment queda susp\u00e8s per causes meteorol\u00f2giques.<br \/>\nGuardeu el dorsal perqu\u00e8 la setmana que ve us informarem si \u00e9s possible ajornar-lo a una altra&hellip;  <a href=\"https:\/\/agora.xtec.cat\/ceip-santildefons-cornella\/portada\/urgent-cross-comarcal-anulada\/\" title=\"Read Urgent Cros Comarcal anul\u00b7lada\">Llegeix m\u00e9s\u00bb<\/a><\/p>\n","protected":false},"author":5,"featured_media":0,"comment_status":"open","ping_status":"closed","sticky":false,"template":"","format":"standard","meta":{"_bbp_topic_count":0,"_bbp_reply_count":0,"_bbp_total_topic_count":0,"_bbp_total_reply_count":0,"_bbp_voice_count":0,"_bbp_anonymous_reply_count":0,"_bbp_topic_count_hidden":0,"_bbp_reply_count_hidden":0,"_bbp_forum_subforum_count":0,"footnotes":""},"categories":[4],"tags":[],"class_list":["post-5995","post","type-post","status-publish","format-standard","hentry","category-portada"],"post_mailing_queue_ids":[],"_links":{"self":[{"href":"https:\/\/agora.xtec.cat\/ceip-santildefons-cornella\/wp-json\/wp\/v2\/posts\/5995","targetHints":{"allow":["GET"]}}],"collection":[{"href":"https:\/\/agora.xtec.cat\/ceip-santildefons-cornella\/wp-json\/wp\/v2\/posts"}],"about":[{"href":"https:\/\/agora.xtec.cat\/ceip-santildefons-cornella\/wp-json\/wp\/v2\/types\/post"}],"author":[{"embeddable":true,"href":"https:\/\/agora.xtec.cat\/ceip-santildefons-cornella\/wp-json\/wp\/v2\/users\/5"}],"replies":[{"embeddable":true,"href":"https:\/\/agora.xtec.cat\/ceip-santildefons-cornella\/wp-json\/wp\/v2\/comments?post=5995"}],"version-history":[{"count":6,"href":"https:\/\/agora.xtec.cat\/ceip-santildefons-cornella\/wp-json\/wp\/v2\/posts\/5995\/revisions"}],"predecessor-version":[{"id":6001,"href":"https:\/\/agora.xtec.cat\/ceip-santildefons-cornella\/wp-json\/wp\/v2\/posts\/5995\/revisions\/6001"}],"wp:attachment":[{"href":"https:\/\/agora.xtec.cat\/ceip-santildefons-cornella\/wp-json\/wp\/v2\/media?parent=5995"}],"wp:term":[{"taxonomy":"category","embeddable":true,"href":"https:\/\/agora.xtec.cat\/ceip-santildefons-cornella\/wp-json\/wp\/v2\/categories?post=5995"},{"taxonomy":"post_tag","embeddable":true,"href":"https:\/\/agora.xtec.cat\/ceip-santildefons-cornella\/wp-json\/wp\/v2\/tags?post=5995"}],"curies":[{"name":"wp","href":"https:\/\/api.w.org\/{rel}","templated":true}]}}