{"id":598,"date":"2016-06-20T12:07:33","date_gmt":"2016-06-20T11:07:33","guid":{"rendered":"http:\/\/agora.xtec.cat\/ceip-santildefons-cornella\/?p=598"},"modified":"2016-10-26T13:25:29","modified_gmt":"2016-10-26T11:25:29","slug":"festa-i-gimcana-daigua-2016","status":"publish","type":"post","link":"https:\/\/agora.xtec.cat\/ceip-santildefons-cornella\/general\/festa-i-gimcana-daigua-2016\/","title":{"rendered":"Festa i Gimcana d&#8217;aigua 2016"},"content":{"rendered":"<p>Avui pen\u00faltim dia de classe hem fet una gimcana amb els alumnes de prim\u00e0ria, havien de realitzar diferents probes \u00a0per nivells, una \u00a0era relleus amb gots \u00a0plens d\u2019aigua i omplir un gibrell, un altre el joc del mocador per\u00f2 amb globus i l\u2019\u00faltima proba el joc de la bomba amb globus i ja per a finalitzar mullar-se amb la m\u00e0nega. Diversi\u00f3!!!!<\/p>\n<p><a href=\"https:\/\/goo.gl\/photos\/QNmNzZ1Ke2kqM6xbA\">https:\/\/goo.gl\/photos\/QNmNzZ1Ke2kqM6xbA<\/a><\/p>\n","protected":false},"excerpt":{"rendered":"<p>Avui pen\u00faltim dia de classe hem fet una gimcana amb els alumnes de prim\u00e0ria, havien de realitzar diferents probes \u00a0per nivells, una \u00a0era relleus amb gots \u00a0plens d\u2019aigua i omplir un gibrell, un altre el joc del mocador per\u00f2 amb globus i l\u2019\u00faltima proba el&hellip;  <a href=\"https:\/\/agora.xtec.cat\/ceip-santildefons-cornella\/general\/festa-i-gimcana-daigua-2016\/\" title=\"Read Festa i Gimcana d&#8217;aigua 2016\">Llegeix m\u00e9s\u00bb<\/a><\/p>\n","protected":false},"author":5,"featured_media":599,"comment_status":"open","ping_status":"open","sticky":false,"template":"","format":"standard","meta":{"_bbp_topic_count":0,"_bbp_reply_count":0,"_bbp_total_topic_count":0,"_bbp_total_reply_count":0,"_bbp_voice_count":0,"_bbp_anonymous_reply_count":0,"_bbp_topic_count_hidden":0,"_bbp_reply_count_hidden":0,"_bbp_forum_subforum_count":0,"footnotes":""},"categories":[76,1,4],"tags":[52,53],"class_list":["post-598","post","type-post","status-publish","format-standard","has-post-thumbnail","hentry","category-educacio-fisica","category-general","category-portada","tag-festa-de-laigua","tag-gimcana"],"post_mailing_queue_ids":[],"_links":{"self":[{"href":"https:\/\/agora.xtec.cat\/ceip-santildefons-cornella\/wp-json\/wp\/v2\/posts\/598","targetHints":{"allow":["GET"]}}],"collection":[{"href":"https:\/\/agora.xtec.cat\/ceip-santildefons-cornella\/wp-json\/wp\/v2\/posts"}],"about":[{"href":"https:\/\/agora.xtec.cat\/ceip-santildefons-cornella\/wp-json\/wp\/v2\/types\/post"}],"author":[{"embeddable":true,"href":"https:\/\/agora.xtec.cat\/ceip-santildefons-cornella\/wp-json\/wp\/v2\/users\/5"}],"replies":[{"embeddable":true,"href":"https:\/\/agora.xtec.cat\/ceip-santildefons-cornella\/wp-json\/wp\/v2\/comments?post=598"}],"version-history":[{"count":3,"href":"https:\/\/agora.xtec.cat\/ceip-santildefons-cornella\/wp-json\/wp\/v2\/posts\/598\/revisions"}],"predecessor-version":[{"id":690,"href":"https:\/\/agora.xtec.cat\/ceip-santildefons-cornella\/wp-json\/wp\/v2\/posts\/598\/revisions\/690"}],"wp:featuredmedia":[{"embeddable":true,"href":"https:\/\/agora.xtec.cat\/ceip-santildefons-cornella\/wp-json\/wp\/v2\/media\/599"}],"wp:attachment":[{"href":"https:\/\/agora.xtec.cat\/ceip-santildefons-cornella\/wp-json\/wp\/v2\/media?parent=598"}],"wp:term":[{"taxonomy":"category","embeddable":true,"href":"https:\/\/agora.xtec.cat\/ceip-santildefons-cornella\/wp-json\/wp\/v2\/categories?post=598"},{"taxonomy":"post_tag","embeddable":true,"href":"https:\/\/agora.xtec.cat\/ceip-santildefons-cornella\/wp-json\/wp\/v2\/tags?post=598"}],"curies":[{"name":"wp","href":"https:\/\/api.w.org\/{rel}","templated":true}]}}