{"id":5946,"date":"2024-09-30T13:56:08","date_gmt":"2024-09-30T11:56:08","guid":{"rendered":"https:\/\/agora.xtec.cat\/ceip-santildefons-cornella\/?p=5946"},"modified":"2024-09-30T13:56:08","modified_gmt":"2024-09-30T11:56:08","slug":"sortida-5e-al-museu-de-les-matematiques","status":"publish","type":"post","link":"https:\/\/agora.xtec.cat\/ceip-santildefons-cornella\/portada\/sortida-5e-al-museu-de-les-matematiques\/","title":{"rendered":"Sortida 5\u00e8 al Museu de les Matem\u00e0tiques"},"content":{"rendered":"<p>Els alumnes de 5\u00e8 vam anar de visita al Museu de les Matem\u00e0tiques. Vam anar caminant des de l&#8217;escola i all\u00e0 vam podeu gaudir i participar del taller de les c\u00fapules de Leonardo da Vinci. Ens ho vam passar molt i molt b\u00e9. Us deixem algunes fotografies perqu\u00e8 ho pugueu veure.<\/p>\n<p><a href=\"https:\/\/photos.app.goo.gl\/GZX5NJHcpoweBx1BA\">https:\/\/photos.app.goo.gl\/GZX5NJHcpoweBx1BA<\/a><\/p>\n<p>&nbsp;<\/p>\n","protected":false},"excerpt":{"rendered":"<p>Els alumnes de 5\u00e8 vam anar de visita al Museu de les Matem\u00e0tiques. Vam anar caminant des de l&#8217;escola i all\u00e0 vam podeu gaudir i participar del taller de les c\u00fapules de Leonardo da Vinci. Ens ho vam passar molt i molt b\u00e9. Us deixem&hellip;  <a href=\"https:\/\/agora.xtec.cat\/ceip-santildefons-cornella\/portada\/sortida-5e-al-museu-de-les-matematiques\/\" title=\"Read Sortida 5\u00e8 al Museu de les Matem\u00e0tiques\">Llegeix m\u00e9s\u00bb<\/a><\/p>\n","protected":false},"author":44,"featured_media":5947,"comment_status":"open","ping_status":"closed","sticky":false,"template":"","format":"standard","meta":{"_bbp_topic_count":0,"_bbp_reply_count":0,"_bbp_total_topic_count":0,"_bbp_total_reply_count":0,"_bbp_voice_count":0,"_bbp_anonymous_reply_count":0,"_bbp_topic_count_hidden":0,"_bbp_reply_count_hidden":0,"_bbp_forum_subforum_count":0,"footnotes":""},"categories":[14,4],"tags":[],"class_list":["post-5946","post","type-post","status-publish","format-standard","has-post-thumbnail","hentry","category-5e","category-portada"],"post_mailing_queue_ids":[],"_links":{"self":[{"href":"https:\/\/agora.xtec.cat\/ceip-santildefons-cornella\/wp-json\/wp\/v2\/posts\/5946","targetHints":{"allow":["GET"]}}],"collection":[{"href":"https:\/\/agora.xtec.cat\/ceip-santildefons-cornella\/wp-json\/wp\/v2\/posts"}],"about":[{"href":"https:\/\/agora.xtec.cat\/ceip-santildefons-cornella\/wp-json\/wp\/v2\/types\/post"}],"author":[{"embeddable":true,"href":"https:\/\/agora.xtec.cat\/ceip-santildefons-cornella\/wp-json\/wp\/v2\/users\/44"}],"replies":[{"embeddable":true,"href":"https:\/\/agora.xtec.cat\/ceip-santildefons-cornella\/wp-json\/wp\/v2\/comments?post=5946"}],"version-history":[{"count":2,"href":"https:\/\/agora.xtec.cat\/ceip-santildefons-cornella\/wp-json\/wp\/v2\/posts\/5946\/revisions"}],"predecessor-version":[{"id":5949,"href":"https:\/\/agora.xtec.cat\/ceip-santildefons-cornella\/wp-json\/wp\/v2\/posts\/5946\/revisions\/5949"}],"wp:featuredmedia":[{"embeddable":true,"href":"https:\/\/agora.xtec.cat\/ceip-santildefons-cornella\/wp-json\/wp\/v2\/media\/5947"}],"wp:attachment":[{"href":"https:\/\/agora.xtec.cat\/ceip-santildefons-cornella\/wp-json\/wp\/v2\/media?parent=5946"}],"wp:term":[{"taxonomy":"category","embeddable":true,"href":"https:\/\/agora.xtec.cat\/ceip-santildefons-cornella\/wp-json\/wp\/v2\/categories?post=5946"},{"taxonomy":"post_tag","embeddable":true,"href":"https:\/\/agora.xtec.cat\/ceip-santildefons-cornella\/wp-json\/wp\/v2\/tags?post=5946"}],"curies":[{"name":"wp","href":"https:\/\/api.w.org\/{rel}","templated":true}]}}