{"id":5758,"date":"2024-05-28T12:58:37","date_gmt":"2024-05-28T10:58:37","guid":{"rendered":"https:\/\/agora.xtec.cat\/ceip-santildefons-cornella\/?p=5758"},"modified":"2024-05-28T12:58:37","modified_gmt":"2024-05-28T10:58:37","slug":"arco","status":"publish","type":"post","link":"https:\/\/agora.xtec.cat\/ceip-santildefons-cornella\/general\/arco\/","title":{"rendered":"Arco"},"content":{"rendered":"<p>Durant tot el curs els alumnes de I3 hem gaudit amb les activitats que des de l&#8217;escola Arco de Barcelona els alumnes de CFGS TEI ens han anat preparant per nosaltres.<br \/>\nEl passat dijous 16 de maig v\u00e0rem fer la cloenda i v\u00e0rem convidar a les fam\u00edlies perqu\u00e8 ells puguessin veure tot el que hem apr\u00e8s. Ens ho v\u00e0rem passar molt b\u00e9 i donem les gr\u00e0cies a les fam\u00edlies per la seva assist\u00e8ncia i participaci\u00f3.<\/p>\n<div style=\"padding:176.67% 0 0 0;position:relative;\"><iframe src=\"https:\/\/player.vimeo.com\/video\/951063566?badge=0&amp;autopause=0&amp;player_id=0&amp;app_id=58479\" frameborder=\"0\" allow=\"autoplay; fullscreen; picture-in-picture; clipboard-write\" style=\"position:absolute;top:0;left:0;width:100%;height:100%;\" title=\"video ball families\"><\/iframe><\/div>\n<p><script src=\"https:\/\/player.vimeo.com\/api\/player.js\"><\/script><\/p>\n<div style=\"padding:222.51% 0 0 0;position:relative;\"><iframe src=\"https:\/\/player.vimeo.com\/video\/951064688?badge=0&amp;autopause=0&amp;player_id=0&amp;app_id=58479\" frameborder=\"0\" allow=\"autoplay; fullscreen; picture-in-picture; clipboard-write\" style=\"position:absolute;top:0;left:0;width:100%;height:100%;\" title=\"VID-20240516-WA0022\"><\/iframe><\/div>\n<p><script src=\"https:\/\/player.vimeo.com\/api\/player.js\"><\/script><\/p>\n","protected":false},"excerpt":{"rendered":"<p>Durant tot el curs els alumnes de I3 hem gaudit amb les activitats que des de l&#8217;escola Arco de Barcelona els alumnes de CFGS TEI ens han anat preparant per nosaltres.<br \/>\nEl passat dijous 16 de maig v\u00e0rem fer la cloenda i v\u00e0rem convidar a les&hellip;  <a href=\"https:\/\/agora.xtec.cat\/ceip-santildefons-cornella\/general\/arco\/\" title=\"Read Arco\">Llegeix m\u00e9s\u00bb<\/a><\/p>\n","protected":false},"author":5,"featured_media":0,"comment_status":"open","ping_status":"closed","sticky":false,"template":"","format":"standard","meta":{"_bbp_topic_count":0,"_bbp_reply_count":0,"_bbp_total_topic_count":0,"_bbp_total_reply_count":0,"_bbp_voice_count":0,"_bbp_anonymous_reply_count":0,"_bbp_topic_count_hidden":0,"_bbp_reply_count_hidden":0,"_bbp_forum_subforum_count":0,"footnotes":""},"categories":[1,2,4],"tags":[316],"class_list":["post-5758","post","type-post","status-publish","format-standard","hentry","category-general","category-infantil","category-portada","tag-arco"],"post_mailing_queue_ids":[],"_links":{"self":[{"href":"https:\/\/agora.xtec.cat\/ceip-santildefons-cornella\/wp-json\/wp\/v2\/posts\/5758","targetHints":{"allow":["GET"]}}],"collection":[{"href":"https:\/\/agora.xtec.cat\/ceip-santildefons-cornella\/wp-json\/wp\/v2\/posts"}],"about":[{"href":"https:\/\/agora.xtec.cat\/ceip-santildefons-cornella\/wp-json\/wp\/v2\/types\/post"}],"author":[{"embeddable":true,"href":"https:\/\/agora.xtec.cat\/ceip-santildefons-cornella\/wp-json\/wp\/v2\/users\/5"}],"replies":[{"embeddable":true,"href":"https:\/\/agora.xtec.cat\/ceip-santildefons-cornella\/wp-json\/wp\/v2\/comments?post=5758"}],"version-history":[{"count":5,"href":"https:\/\/agora.xtec.cat\/ceip-santildefons-cornella\/wp-json\/wp\/v2\/posts\/5758\/revisions"}],"predecessor-version":[{"id":5763,"href":"https:\/\/agora.xtec.cat\/ceip-santildefons-cornella\/wp-json\/wp\/v2\/posts\/5758\/revisions\/5763"}],"wp:attachment":[{"href":"https:\/\/agora.xtec.cat\/ceip-santildefons-cornella\/wp-json\/wp\/v2\/media?parent=5758"}],"wp:term":[{"taxonomy":"category","embeddable":true,"href":"https:\/\/agora.xtec.cat\/ceip-santildefons-cornella\/wp-json\/wp\/v2\/categories?post=5758"},{"taxonomy":"post_tag","embeddable":true,"href":"https:\/\/agora.xtec.cat\/ceip-santildefons-cornella\/wp-json\/wp\/v2\/tags?post=5758"}],"curies":[{"name":"wp","href":"https:\/\/api.w.org\/{rel}","templated":true}]}}