{"id":548,"date":"2016-05-25T12:36:26","date_gmt":"2016-05-25T11:36:26","guid":{"rendered":"http:\/\/agora.xtec.cat\/ceip-santildefons-cornella\/?p=548"},"modified":"2016-10-26T12:39:04","modified_gmt":"2016-10-26T10:39:04","slug":"rocodrom-de-can-mercader-2016","status":"publish","type":"post","link":"https:\/\/agora.xtec.cat\/ceip-santildefons-cornella\/portada\/rocodrom-de-can-mercader-2016\/","title":{"rendered":"Roc\u00f2drom de Can Mercader 2016"},"content":{"rendered":"<p>Avui els alumnes de 6\u00e8 hem gaudit d&#8217;un dia de roc\u00f2drom al nostre meravell\u00f3s parc Can Mercader. Ha sigut fant\u00e0stic, ens ha agradat molt\u00edssim i ens hem esfor\u00e7at molt per pujar per les vies, hem apr\u00e9s com pujar i com baixar. Molt Guai!!!!<\/p>\n<p><a href=\"https:\/\/goo.gl\/photos\/KGpzm87PtTaDM6hz5\" target=\"_blank\">v\u00eddeo del roc\u00f2drom<\/a><\/p>\n<p><a href=\"http:\/\/www.escolamuntanya.org\/rocodrom-usuaris\" target=\"_blank\">web oficial<\/a><\/p>\n<p><a href=\"https:\/\/goo.gl\/photos\/6uTY1GayL1WCS6W46\">https:\/\/goo.gl\/photos\/6uTY1GayL1WCS6W46<\/a><\/p>\n","protected":false},"excerpt":{"rendered":"<p>Avui els alumnes de 6\u00e8 hem gaudit d&#8217;un dia de roc\u00f2drom al nostre meravell\u00f3s parc Can Mercader. Ha sigut fant\u00e0stic, ens ha agradat molt\u00edssim i ens hem esfor\u00e7at molt per pujar per les vies, hem apr\u00e9s com pujar i com baixar. Molt Guai!!!!<br \/>\n<a href=\"https:\/\/goo.gl\/photos\/KGpzm87PtTaDM6hz5\" target=\"_blank\">v\u00eddeo&hellip;  <a href=\"https:\/\/agora.xtec.cat\/ceip-santildefons-cornella\/portada\/rocodrom-de-can-mercader-2016\/\" title=\"Read Roc\u00f2drom de Can Mercader 2016\">Llegeix m\u00e9s\u00bb<\/a><\/p>\n","protected":false},"author":5,"featured_media":552,"comment_status":"open","ping_status":"open","sticky":false,"template":"","format":"standard","meta":{"_bbp_topic_count":0,"_bbp_reply_count":0,"_bbp_total_topic_count":0,"_bbp_total_reply_count":0,"_bbp_voice_count":0,"_bbp_anonymous_reply_count":0,"_bbp_topic_count_hidden":0,"_bbp_reply_count_hidden":0,"_bbp_forum_subforum_count":0,"footnotes":""},"categories":[15,76,4],"tags":[],"class_list":["post-548","post","type-post","status-publish","format-standard","has-post-thumbnail","hentry","category-6e","category-educacio-fisica","category-portada"],"post_mailing_queue_ids":[],"_links":{"self":[{"href":"https:\/\/agora.xtec.cat\/ceip-santildefons-cornella\/wp-json\/wp\/v2\/posts\/548","targetHints":{"allow":["GET"]}}],"collection":[{"href":"https:\/\/agora.xtec.cat\/ceip-santildefons-cornella\/wp-json\/wp\/v2\/posts"}],"about":[{"href":"https:\/\/agora.xtec.cat\/ceip-santildefons-cornella\/wp-json\/wp\/v2\/types\/post"}],"author":[{"embeddable":true,"href":"https:\/\/agora.xtec.cat\/ceip-santildefons-cornella\/wp-json\/wp\/v2\/users\/5"}],"replies":[{"embeddable":true,"href":"https:\/\/agora.xtec.cat\/ceip-santildefons-cornella\/wp-json\/wp\/v2\/comments?post=548"}],"version-history":[{"count":3,"href":"https:\/\/agora.xtec.cat\/ceip-santildefons-cornella\/wp-json\/wp\/v2\/posts\/548\/revisions"}],"predecessor-version":[{"id":697,"href":"https:\/\/agora.xtec.cat\/ceip-santildefons-cornella\/wp-json\/wp\/v2\/posts\/548\/revisions\/697"}],"wp:featuredmedia":[{"embeddable":true,"href":"https:\/\/agora.xtec.cat\/ceip-santildefons-cornella\/wp-json\/wp\/v2\/media\/552"}],"wp:attachment":[{"href":"https:\/\/agora.xtec.cat\/ceip-santildefons-cornella\/wp-json\/wp\/v2\/media?parent=548"}],"wp:term":[{"taxonomy":"category","embeddable":true,"href":"https:\/\/agora.xtec.cat\/ceip-santildefons-cornella\/wp-json\/wp\/v2\/categories?post=548"},{"taxonomy":"post_tag","embeddable":true,"href":"https:\/\/agora.xtec.cat\/ceip-santildefons-cornella\/wp-json\/wp\/v2\/tags?post=548"}],"curies":[{"name":"wp","href":"https:\/\/api.w.org\/{rel}","templated":true}]}}