{"id":5456,"date":"2023-10-09T16:14:08","date_gmt":"2023-10-09T14:14:08","guid":{"rendered":"https:\/\/agora.xtec.cat\/ceip-santildefons-cornella\/?p=5456"},"modified":"2023-10-16T17:04:08","modified_gmt":"2023-10-16T15:04:08","slug":"guanyadors-de-la-convocatoria-educaixa","status":"publish","type":"post","link":"https:\/\/agora.xtec.cat\/ceip-santildefons-cornella\/general\/guanyadors-de-la-convocatoria-educaixa\/","title":{"rendered":"Guanyadors de la convocat\u00f2ria Educaixa"},"content":{"rendered":"<p>La nostra escola es va presentar a la convocat\u00f2ria d&#8217;Educaixa per projectes de transformaci\u00f3 educativa.<br \/>\nAvui, hem assistit a la sessi\u00f3 de presentaci\u00f3 dels guanyadors de la convocat\u00f2ria ja que hem estat un dels 50 centres guanyadors de tota Espanya. El nostre projecte s&#8217;emmarca dins de l&#8217;\u00e0rea de matem\u00e0tiques, on som l&#8217;\u00fanica escola catalana i l&#8217;\u00fanica escola p\u00fablica d&#8217;Espanya en ser premiats. El nom de l projecte \u00e9s: Serendipitat: aprenem les matem\u00e0tiques de forma diferent.\u00a0 Fins i tot hem sigut entrevistats durant el desenvolupament de la jornada.<br \/>\nL&#8217;escola agraeix a tots els membres de la comunitat educativa que han fet que aix\u00f2 sigui possible.<\/p>\n<div id=\"2C2F8\" style=\"width: 100%; max-width: 600px; height: 400px;\"><img decoding=\"async\" src=\"https:\/\/lh3.googleusercontent.com\/pw\/ADCreHcgr8aAzUB8uRMkC7AhIGjTNvIR1vWctn5LobJqhJ-4zL4rgffmgI_qcWFG9al-V7iTEBaxmy68OZukWo42FOE5eOtim-CPlkJ-1iaiZyuWY6oUO6njMaMZlbnidw7UKy7sG4DE6ejED7HyHcFDIW0bb3tvajjk6kR6euN2Quoz-hZECzdSmymSIQR8p54KCKXW9UZkj3wOAmtD4Qq3Z1SAN0GQz3pA6gFTopunvpgqxFe-UKYKHFQXL68Ij_EKJZawWLHG-dar1amZUKimhEGmvYtJMXuh5mZ9wjBYSCaTL7Q_U983Q8N4ya7bLCJslfdMeajigGSI7L9nDV1JxN21XhksH8h_n-gL31W1PO7RwSG4J6897OD0DjACApEsxCLP6HTV3W04cAR1gvDb6W87zo0Fg5cQz6B0hrCPognx13G_5_HOIM8FFqm8h49KKpAY7gonOIDcAJ617X9y4Wrmyn6zi8QuZlD6rtVkWvt7cymckKazoEap2oTGGanDfumirw11xZ29e6ygj1R2X3Sfjp30nCYt2qIfsi_-ucG0uL7H5218LckskLm57PLwBUVuOigqx93aoQ25zBfHHX8fPia4dz1SaKZtgippw-xEIW8kosrwgxLb6W5hp_9lKY-8xqhrcfXgKCAa09I-3Foq7iB-OcgWVvqXFfymqnej94iuLBUDUe_pHhlvcQ91MHt32t5vDlzljGuxIaU_4hKC1Ez2oCSkC2C2zyeltks2tCA1nPJvDdNFZn-q3vW2NrHIimVSqj8BHBwnDcVIGW-ud42puNgMrLDqAbF1SlUsKQh4cTDR4xsrqxirmYIwBfaa21CkJBzd-myO8sJP1ClDJqgPlVb3QJaiF6sfrjH5rVmpx4JQySrXkVhAA0rSIgq--0cw580gj_z-YxhKnifxYNLF47Nb2YxEXpFOyhq_GDvRdXjaRt_9exOClxsUXEJ5ElNbi0vTFri3UYMVXHHIs6IZKqcGCBJxTin9XmqMCVzQ8ba-BJWGg7Jf_Q7B5mm_9T2CLOJkFG-eTihTffOi=w800-h600-no--no?authuser=2\" data-link=\"https:\/\/photos.google.com\/u\/2\/share\/AF1QipPCy6ryiwP0-1jWMwkL2E0T6X9ovG56sdvjb2nBMtGp-7jNOEH1KsAVCrgKqbLkGw\/photo\/AF1QipPKN9mpCDMxdTM9fM8RZA6mTl-9gLiGacvMcI7r?key=XzhQT3BPYTJnaWpYWlR1QlhBY0VOOEU2cWhvbTFB\" \/><br \/>\n<img decoding=\"async\" src=\"https:\/\/lh3.googleusercontent.com\/pw\/ADCreHc3Lo-v37ZoVi7HJ2ZgJ1omewki4ep8PPWuChIjAN450YlwN858znXqD7QoIC4xB6jfa6q0Xe1hLTYparRKYmb0rXNtcRrslxWrxTeWakyiAzdiGybGZ5XxFzxiecpgo-dRc5Rd1rL_Em1bhPuoganRewr2YPzAY62ZVvPVRogu4--UBZBUih5mnZS0Ooh8JAb5Qd31dLiN6WndIR9XLP9b3KyeffGxmR7A36cluzNcmcyJGxCgf2eKVjVY98mm_VaoOfyoBVzJihlWAba-NKqYGOG1CE5wOzHa0Cxmg2_sN-bKh8DegtlCZs0mYmjw_Q7RVDreKPu_7orhDvSEOy5l1jg3_8pcgqjJfucs8CtkzAHn2EgXCDGsyA4pI5jZrsqnBu-fbS8c3fN1Qk4bmcc6XZ1AnKk7NV1rDqRZm0eJz1dJt0SPhvW0XxptfttJz-dMr5pYP0tbGKfu1AOZfj1XohtDPKZeFM2YuV1g675A555tlos0YAtiDyXRNecU2BVfEM-gj4I-iyfbWoL5DUkTWQaqN52q_ZOX8uBAEuhyeK7639DRyuy-t2b6v3VQQ6aU7bT5KhtF5Rtxh1ZTa4BYro-pvv53Yn5Qh18LiVI080Mp0QoDUAXHXWvDzR3OGRyku08ucR9eX4LWJnLNtRRv8hZV1bA4eXy4kBToXEO4qPeEyJydWhgyNHaH5LEp8XM4lqDveK3ALPd9KcRnpgVdk04j4HR_IRVn5xVWUQnmtZwmpNFYFCsdDCnz0qOJyiH3LYFPZf6_ELmrjD1XnQ9xv54giosUiCp36r5FLX0JJ1jzu9559WXmO78XCSWovpm20V9qWLqi615sYvQuYIQ0id2B8kQrvWvOWz7rzHk98reb0nwdOjAWWPqCUAbGO0ZQbrEzea7YmYp4GzvfUXi1Dv0CPoMx9VOOS37ckRVsGBI_pJrGLWNgu6uHpGU2K8pE94BMjSz3IUQSRYPJlNV3kZchZT4Vp6_WTMHbB308vdYrEKMuTgoRJ2jdXusrQ3kbL2h1kZS_3lzKwh2AJl9m=w800-h600-no--no?authuser=2\" data-link=\"https:\/\/photos.google.com\/u\/2\/share\/AF1QipPCy6ryiwP0-1jWMwkL2E0T6X9ovG56sdvjb2nBMtGp-7jNOEH1KsAVCrgKqbLkGw\/photo\/AF1QipMc_JZRZAOtglTZgh5kYv7xUOZt8EY-7iR-QRti?key=XzhQT3BPYTJnaWpYWlR1QlhBY0VOOEU2cWhvbTFB\" \/><\/div>\n<p><script type=\"text\/javascript\" src=\"https:\/\/cdnjs.cloudflare.com\/ajax\/libs\/jquery\/3.6.1\/jquery.min.js\"><\/script><br \/>\n<script>\n  (MyGalleries=(typeof MyGalleries === 'undefined' ? [] : MyGalleries)).push({gallId:'#2C2F8',autoplay:true,lightbox:true,debug:false,popupLinks:true});\n  if(typeof GalleryLoaded === 'undefined'){\n    GalleryLoaded = jQuery(function(){\n      jQuery.ajax({url:'https:\/\/cdnjs.cloudflare.com\/ajax\/libs\/galleria\/1.6.1\/galleria.min.js',dataType:'script',cache:true}).done(function(){\n        Galleria.loadTheme('https:\/\/cdnjs.cloudflare.com\/ajax\/libs\/galleria\/1.6.1\/themes\/classic\/galleria.classic.js');\n        for(var n in MyGalleries){\n          Galleria.run(MyGalleries[n].gallId, MyGalleries[n]);\n          jQuery(MyGalleries[n].gallId).css('display','block');\n        }\n      });\n    });\n  }\n<\/script><\/p>\n","protected":false},"excerpt":{"rendered":"<p>La nostra escola es va presentar a la convocat\u00f2ria d&#8217;Educaixa per projectes de transformaci\u00f3 educativa.<br \/>\nAvui, hem assistit a la sessi\u00f3 de presentaci\u00f3 dels guanyadors de la convocat\u00f2ria ja que hem estat un dels 50 centres guanyadors de tota Espanya. El nostre projecte s&#8217;emmarca dins de&hellip;  <a href=\"https:\/\/agora.xtec.cat\/ceip-santildefons-cornella\/general\/guanyadors-de-la-convocatoria-educaixa\/\" title=\"Read Guanyadors de la convocat\u00f2ria Educaixa\">Llegeix m\u00e9s\u00bb<\/a><\/p>\n","protected":false},"author":30,"featured_media":5457,"comment_status":"open","ping_status":"closed","sticky":false,"template":"","format":"standard","meta":{"_bbp_topic_count":0,"_bbp_reply_count":0,"_bbp_total_topic_count":0,"_bbp_total_reply_count":0,"_bbp_voice_count":0,"_bbp_anonymous_reply_count":0,"_bbp_topic_count_hidden":0,"_bbp_reply_count_hidden":0,"_bbp_forum_subforum_count":0,"footnotes":""},"categories":[10,11,12,13,14,15,1,3,8,9,2,4,5],"tags":[355,84,356,254],"class_list":["post-5456","post","type-post","status-publish","format-standard","has-post-thumbnail","hentry","category-1r","category-2n","category-3r","category-4t","category-5e","category-6e","category-general","category-i3","category-i4","category-i5","category-infantil","category-portada","category-primaria","tag-educaixa","tag-matematiques","tag-premi","tag-projecte"],"post_mailing_queue_ids":[],"_links":{"self":[{"href":"https:\/\/agora.xtec.cat\/ceip-santildefons-cornella\/wp-json\/wp\/v2\/posts\/5456","targetHints":{"allow":["GET"]}}],"collection":[{"href":"https:\/\/agora.xtec.cat\/ceip-santildefons-cornella\/wp-json\/wp\/v2\/posts"}],"about":[{"href":"https:\/\/agora.xtec.cat\/ceip-santildefons-cornella\/wp-json\/wp\/v2\/types\/post"}],"author":[{"embeddable":true,"href":"https:\/\/agora.xtec.cat\/ceip-santildefons-cornella\/wp-json\/wp\/v2\/users\/30"}],"replies":[{"embeddable":true,"href":"https:\/\/agora.xtec.cat\/ceip-santildefons-cornella\/wp-json\/wp\/v2\/comments?post=5456"}],"version-history":[{"count":4,"href":"https:\/\/agora.xtec.cat\/ceip-santildefons-cornella\/wp-json\/wp\/v2\/posts\/5456\/revisions"}],"predecessor-version":[{"id":5463,"href":"https:\/\/agora.xtec.cat\/ceip-santildefons-cornella\/wp-json\/wp\/v2\/posts\/5456\/revisions\/5463"}],"wp:featuredmedia":[{"embeddable":true,"href":"https:\/\/agora.xtec.cat\/ceip-santildefons-cornella\/wp-json\/wp\/v2\/media\/5457"}],"wp:attachment":[{"href":"https:\/\/agora.xtec.cat\/ceip-santildefons-cornella\/wp-json\/wp\/v2\/media?parent=5456"}],"wp:term":[{"taxonomy":"category","embeddable":true,"href":"https:\/\/agora.xtec.cat\/ceip-santildefons-cornella\/wp-json\/wp\/v2\/categories?post=5456"},{"taxonomy":"post_tag","embeddable":true,"href":"https:\/\/agora.xtec.cat\/ceip-santildefons-cornella\/wp-json\/wp\/v2\/tags?post=5456"}],"curies":[{"name":"wp","href":"https:\/\/api.w.org\/{rel}","templated":true}]}}