{"id":5366,"date":"2023-05-25T08:45:31","date_gmt":"2023-05-25T06:45:31","guid":{"rendered":"https:\/\/agora.xtec.cat\/ceip-santildefons-cornella\/?p=5366"},"modified":"2023-05-25T23:46:12","modified_gmt":"2023-05-25T21:46:12","slug":"concurs-de-punts-de-llibre","status":"publish","type":"post","link":"https:\/\/agora.xtec.cat\/ceip-santildefons-cornella\/general\/concurs-de-punts-de-llibre\/","title":{"rendered":"Concurs de punts de llibre"},"content":{"rendered":"<p>Volem felicitar a la nostra alumna de 6\u00e8 que ha estat premiada com a finalista del concurs de punts de llibre de Cornell\u00e0.<br \/>\nAquest any la tem\u00e0tica ha estat &#8220;Al\u00edcia en el pa\u00eds de les meravelles&#8221;.<br \/>\nTamb\u00e9 felicitar a tot l&#8217;alumnat que va participar per la seva gran feina.<\/p>\n","protected":false},"excerpt":{"rendered":"<p>Volem felicitar a la nostra alumna de 6\u00e8 que ha estat premiada com a finalista del concurs de punts de llibre de Cornell\u00e0.<br \/>\nAquest any la tem\u00e0tica ha estat &#8220;Al\u00edcia en el pa\u00eds de les meravelles&#8221;.<br \/>\nTamb\u00e9 felicitar a tot l&#8217;alumnat que va participar per la seva&hellip;  <a href=\"https:\/\/agora.xtec.cat\/ceip-santildefons-cornella\/general\/concurs-de-punts-de-llibre\/\" title=\"Read Concurs de punts de llibre\">Llegeix m\u00e9s\u00bb<\/a><\/p>\n","protected":false},"author":30,"featured_media":5367,"comment_status":"open","ping_status":"closed","sticky":false,"template":"","format":"standard","meta":{"_bbp_topic_count":0,"_bbp_reply_count":0,"_bbp_total_topic_count":0,"_bbp_total_reply_count":0,"_bbp_voice_count":0,"_bbp_anonymous_reply_count":0,"_bbp_topic_count_hidden":0,"_bbp_reply_count_hidden":0,"_bbp_forum_subforum_count":0,"footnotes":""},"categories":[15,1,4,5],"tags":[320,321,285,339,340,196,342,17,341],"class_list":["post-5366","post","type-post","status-publish","format-standard","has-post-thumbnail","hentry","category-6e","category-general","category-portada","category-primaria","tag-art","tag-artistica","tag-ciutat","tag-concurs","tag-creativitat","tag-escola","tag-finalista","tag-plastica","tag-punts-de-llibre"],"post_mailing_queue_ids":[],"_links":{"self":[{"href":"https:\/\/agora.xtec.cat\/ceip-santildefons-cornella\/wp-json\/wp\/v2\/posts\/5366","targetHints":{"allow":["GET"]}}],"collection":[{"href":"https:\/\/agora.xtec.cat\/ceip-santildefons-cornella\/wp-json\/wp\/v2\/posts"}],"about":[{"href":"https:\/\/agora.xtec.cat\/ceip-santildefons-cornella\/wp-json\/wp\/v2\/types\/post"}],"author":[{"embeddable":true,"href":"https:\/\/agora.xtec.cat\/ceip-santildefons-cornella\/wp-json\/wp\/v2\/users\/30"}],"replies":[{"embeddable":true,"href":"https:\/\/agora.xtec.cat\/ceip-santildefons-cornella\/wp-json\/wp\/v2\/comments?post=5366"}],"version-history":[{"count":1,"href":"https:\/\/agora.xtec.cat\/ceip-santildefons-cornella\/wp-json\/wp\/v2\/posts\/5366\/revisions"}],"predecessor-version":[{"id":5368,"href":"https:\/\/agora.xtec.cat\/ceip-santildefons-cornella\/wp-json\/wp\/v2\/posts\/5366\/revisions\/5368"}],"wp:featuredmedia":[{"embeddable":true,"href":"https:\/\/agora.xtec.cat\/ceip-santildefons-cornella\/wp-json\/wp\/v2\/media\/5367"}],"wp:attachment":[{"href":"https:\/\/agora.xtec.cat\/ceip-santildefons-cornella\/wp-json\/wp\/v2\/media?parent=5366"}],"wp:term":[{"taxonomy":"category","embeddable":true,"href":"https:\/\/agora.xtec.cat\/ceip-santildefons-cornella\/wp-json\/wp\/v2\/categories?post=5366"},{"taxonomy":"post_tag","embeddable":true,"href":"https:\/\/agora.xtec.cat\/ceip-santildefons-cornella\/wp-json\/wp\/v2\/tags?post=5366"}],"curies":[{"name":"wp","href":"https:\/\/api.w.org\/{rel}","templated":true}]}}