{"id":5300,"date":"2023-04-18T12:46:02","date_gmt":"2023-04-18T10:46:02","guid":{"rendered":"https:\/\/agora.xtec.cat\/ceip-santildefons-cornella\/?p=5300"},"modified":"2023-04-18T13:14:30","modified_gmt":"2023-04-18T11:14:30","slug":"projecte-classe-de-4t","status":"publish","type":"post","link":"https:\/\/agora.xtec.cat\/ceip-santildefons-cornella\/general\/projecte-classe-de-4t\/","title":{"rendered":"Projecte classe de 4t"},"content":{"rendered":"<p class=\"western\" lang=\"ca-ES\" align=\"justify\"><span style=\"font-family: Arial, serif;\"><span style=\"font-size: medium;\">Els nens i nenes de 4t hem fet el projecte: Per qu\u00e8 hi ha vida a la Terra i als altres planetes no?<\/span><\/span><\/p>\n<p class=\"western\" lang=\"ca-ES\" align=\"justify\"><span style=\"font-family: Arial, serif;\"><span style=\"font-size: medium;\">Hem fet grups de sis nens i nenes, hem buscat informaci\u00f3 en v\u00eddeos en les tauletes i l\u2019hem escrit. Cada grup ha buscat diferents informacions, que despr\u00e9s hem elaborat un mural en una cartolina i hem explicat a la resta de companys i companyes. Per acabar el projecte hem anat a una sortida on hem vist tot el que hav\u00edem treballat a classe.<\/span><\/span><\/p>\n<p class=\"western\" lang=\"ca-ES\" align=\"justify\"><span style=\"font-family: Arial, serif;\"><span style=\"font-size: medium;\">Ens gaudit molt fent el projecte i m\u00e9s encara a la sortida, que ens ho vam passar d\u2019all\u00f2 m\u00e9s b\u00e9!!!<\/span><\/span><\/p>\n<p class=\"western\" lang=\"ca-ES\" align=\"justify\"><span style=\"font-family: Arial, serif;\"><span style=\"font-size: medium;\">Aqu\u00ed us deixem els v\u00eddeos de les nostres explicacions.<\/span><\/span><\/p>\n<p lang=\"ca-ES\" align=\"justify\"><iframe loading=\"lazy\" src=\"\/\/www.youtube.com\/embed\/SZ7ZYPYZETY\" width=\"560\" height=\"314\" allowfullscreen=\"allowfullscreen\"><\/iframe><\/p>\n","protected":false},"excerpt":{"rendered":"<p>Els nens i nenes de 4t hem fet el projecte: Per qu\u00e8 hi ha vida a la Terra i als altres planetes no?<br \/>\nHem fet grups de sis nens i nenes, hem buscat informaci\u00f3 en v\u00eddeos en les tauletes i l\u2019hem escrit. Cada grup ha buscat&hellip;  <a href=\"https:\/\/agora.xtec.cat\/ceip-santildefons-cornella\/general\/projecte-classe-de-4t\/\" title=\"Read Projecte classe de 4t\">Llegeix m\u00e9s\u00bb<\/a><\/p>\n","protected":false},"author":4,"featured_media":5301,"comment_status":"open","ping_status":"closed","sticky":false,"template":"","format":"standard","meta":{"_bbp_topic_count":0,"_bbp_reply_count":0,"_bbp_total_topic_count":0,"_bbp_total_reply_count":0,"_bbp_voice_count":0,"_bbp_anonymous_reply_count":0,"_bbp_topic_count_hidden":0,"_bbp_reply_count_hidden":0,"_bbp_forum_subforum_count":0,"footnotes":""},"categories":[13,1,4,5],"tags":[123],"class_list":["post-5300","post","type-post","status-publish","format-standard","has-post-thumbnail","hentry","category-4t","category-general","category-portada","category-primaria","tag-projectes"],"post_mailing_queue_ids":[],"_links":{"self":[{"href":"https:\/\/agora.xtec.cat\/ceip-santildefons-cornella\/wp-json\/wp\/v2\/posts\/5300","targetHints":{"allow":["GET"]}}],"collection":[{"href":"https:\/\/agora.xtec.cat\/ceip-santildefons-cornella\/wp-json\/wp\/v2\/posts"}],"about":[{"href":"https:\/\/agora.xtec.cat\/ceip-santildefons-cornella\/wp-json\/wp\/v2\/types\/post"}],"author":[{"embeddable":true,"href":"https:\/\/agora.xtec.cat\/ceip-santildefons-cornella\/wp-json\/wp\/v2\/users\/4"}],"replies":[{"embeddable":true,"href":"https:\/\/agora.xtec.cat\/ceip-santildefons-cornella\/wp-json\/wp\/v2\/comments?post=5300"}],"version-history":[{"count":1,"href":"https:\/\/agora.xtec.cat\/ceip-santildefons-cornella\/wp-json\/wp\/v2\/posts\/5300\/revisions"}],"predecessor-version":[{"id":5302,"href":"https:\/\/agora.xtec.cat\/ceip-santildefons-cornella\/wp-json\/wp\/v2\/posts\/5300\/revisions\/5302"}],"wp:featuredmedia":[{"embeddable":true,"href":"https:\/\/agora.xtec.cat\/ceip-santildefons-cornella\/wp-json\/wp\/v2\/media\/5301"}],"wp:attachment":[{"href":"https:\/\/agora.xtec.cat\/ceip-santildefons-cornella\/wp-json\/wp\/v2\/media?parent=5300"}],"wp:term":[{"taxonomy":"category","embeddable":true,"href":"https:\/\/agora.xtec.cat\/ceip-santildefons-cornella\/wp-json\/wp\/v2\/categories?post=5300"},{"taxonomy":"post_tag","embeddable":true,"href":"https:\/\/agora.xtec.cat\/ceip-santildefons-cornella\/wp-json\/wp\/v2\/tags?post=5300"}],"curies":[{"name":"wp","href":"https:\/\/api.w.org\/{rel}","templated":true}]}}