{"id":4904,"date":"2022-05-16T10:53:46","date_gmt":"2022-05-16T08:53:46","guid":{"rendered":"https:\/\/agora.xtec.cat\/ceip-santildefons-cornella\/?p=4904"},"modified":"2022-05-17T09:34:45","modified_gmt":"2022-05-17T07:34:45","slug":"p3-aprenentatge-i-servei","status":"publish","type":"post","link":"https:\/\/agora.xtec.cat\/ceip-santildefons-cornella\/general\/p3-aprenentatge-i-servei\/","title":{"rendered":"P3. COMIAT DELS ALUMNES D&#8217;ARCO"},"content":{"rendered":"<p>Durant tot aquest curs hem gaudit de la visita dels estudiants del CEIR Arco que han preparat activitats als nostres alumnes de P3. Activitats de m\u00fasica, matem\u00e0tiques, pl\u00e0stica, sensorial i molt\u00edssimes m\u00e9s molt divertides.<br \/>\nPer finalitzar la seva estada a l&#8217;escola ens van fer uns tallers i un esmorzar d&#8217;all\u00f2 m\u00e9s b\u00f2.<br \/>\nHa sigut molt divertit compartir totes aquestes estonetes amb vosaltres. Els Dracs us donem les gr\u00e0cies!<\/p>\n<div style=\"width: 480px;\" class=\"wp-video\"><!--[if lt IE 9]><script>document.createElement('video');<\/script><![endif]-->\n<video class=\"wp-video-shortcode\" id=\"video-4904-1\" width=\"480\" height=\"640\" preload=\"metadata\" controls=\"controls\"><source type=\"video\/mp4\" src=\"https:\/\/agora.xtec.cat\/ceip-santildefons-cornella\/wp-content\/uploads\/usu544\/2022\/05\/VID-20220512-WA0022-1.mp4?_=1\" \/><a href=\"https:\/\/agora.xtec.cat\/ceip-santildefons-cornella\/wp-content\/uploads\/usu544\/2022\/05\/VID-20220512-WA0022-1.mp4\">https:\/\/agora.xtec.cat\/ceip-santildefons-cornella\/wp-content\/uploads\/usu544\/2022\/05\/VID-20220512-WA0022-1.mp4<\/a><\/video><\/div>\n","protected":false},"excerpt":{"rendered":"<p>Durant tot aquest curs hem gaudit de la visita dels estudiants del CEIR Arco que han preparat activitats als nostres alumnes de P3. Activitats de m\u00fasica, matem\u00e0tiques, pl\u00e0stica, sensorial i molt\u00edssimes m\u00e9s molt divertides.<br \/>\nPer finalitzar la seva estada a l&#8217;escola ens van fer uns tallers&hellip;  <a href=\"https:\/\/agora.xtec.cat\/ceip-santildefons-cornella\/general\/p3-aprenentatge-i-servei\/\" title=\"Read P3. COMIAT DELS ALUMNES D&#8217;ARCO\">Llegeix m\u00e9s\u00bb<\/a><\/p>\n","protected":false},"author":18,"featured_media":4920,"comment_status":"open","ping_status":"closed","sticky":false,"template":"","format":"standard","meta":{"_bbp_topic_count":0,"_bbp_reply_count":0,"_bbp_total_topic_count":0,"_bbp_total_reply_count":0,"_bbp_voice_count":0,"_bbp_anonymous_reply_count":0,"_bbp_topic_count_hidden":0,"_bbp_reply_count_hidden":0,"_bbp_forum_subforum_count":0,"footnotes":""},"categories":[1,3,2,4],"tags":[],"class_list":["post-4904","post","type-post","status-publish","format-standard","has-post-thumbnail","hentry","category-general","category-i3","category-infantil","category-portada"],"post_mailing_queue_ids":[],"_links":{"self":[{"href":"https:\/\/agora.xtec.cat\/ceip-santildefons-cornella\/wp-json\/wp\/v2\/posts\/4904","targetHints":{"allow":["GET"]}}],"collection":[{"href":"https:\/\/agora.xtec.cat\/ceip-santildefons-cornella\/wp-json\/wp\/v2\/posts"}],"about":[{"href":"https:\/\/agora.xtec.cat\/ceip-santildefons-cornella\/wp-json\/wp\/v2\/types\/post"}],"author":[{"embeddable":true,"href":"https:\/\/agora.xtec.cat\/ceip-santildefons-cornella\/wp-json\/wp\/v2\/users\/18"}],"replies":[{"embeddable":true,"href":"https:\/\/agora.xtec.cat\/ceip-santildefons-cornella\/wp-json\/wp\/v2\/comments?post=4904"}],"version-history":[{"count":3,"href":"https:\/\/agora.xtec.cat\/ceip-santildefons-cornella\/wp-json\/wp\/v2\/posts\/4904\/revisions"}],"predecessor-version":[{"id":4922,"href":"https:\/\/agora.xtec.cat\/ceip-santildefons-cornella\/wp-json\/wp\/v2\/posts\/4904\/revisions\/4922"}],"wp:featuredmedia":[{"embeddable":true,"href":"https:\/\/agora.xtec.cat\/ceip-santildefons-cornella\/wp-json\/wp\/v2\/media\/4920"}],"wp:attachment":[{"href":"https:\/\/agora.xtec.cat\/ceip-santildefons-cornella\/wp-json\/wp\/v2\/media?parent=4904"}],"wp:term":[{"taxonomy":"category","embeddable":true,"href":"https:\/\/agora.xtec.cat\/ceip-santildefons-cornella\/wp-json\/wp\/v2\/categories?post=4904"},{"taxonomy":"post_tag","embeddable":true,"href":"https:\/\/agora.xtec.cat\/ceip-santildefons-cornella\/wp-json\/wp\/v2\/tags?post=4904"}],"curies":[{"name":"wp","href":"https:\/\/api.w.org\/{rel}","templated":true}]}}