{"id":461,"date":"2016-04-20T12:47:48","date_gmt":"2016-04-20T11:47:48","guid":{"rendered":"http:\/\/agora.xtec.cat\/ceip-santildefons-cornella\/?p=461"},"modified":"2016-10-26T12:38:53","modified_gmt":"2016-10-26T10:38:53","slug":"jornada-multiesportiva-6e-curs","status":"publish","type":"post","link":"https:\/\/agora.xtec.cat\/ceip-santildefons-cornella\/portada\/jornada-multiesportiva-6e-curs\/","title":{"rendered":"Jornada Multiesportiva 6\u00e8 curs"},"content":{"rendered":"<p>El Grup de Treball de Mestres i Professors d&#8217;Educaci\u00f3 F\u00edsica, dels centres educactius de Cornell\u00e0, amb la col\u00b7laboraci\u00f3 del Departament d&#8217;Esports volem organitzar una trobada esportiva, amb la finalitat de trencar amb la din\u00e0mica de sessions al pati o al gimn\u00e0s de l&#8217;escola i compartir un mat\u00ed diferent on la pr\u00e0ctica esportiva i la relaci\u00f3 amb altres nens i nenes sigui l&#8217;eix conductor d&#8217;aquesta jornada.<br \/>\nD\u2019altra banda, en aquesta edici\u00f3 de les Jornades Multiesportives, introduirem una nova proposta educativa en el format. L\u2019Alejandro Casado, un alumne del Grau en Educaci\u00f3 Prim\u00e0ria de la Universitat de Barcelona, ha fet una proposta que inclour\u00e0 en el seu Treball de Fi de Grau. En aquest cas, es tracta de mantenir la base i la ess\u00e8ncia de les Jornades que realitzem des de fa anys, per\u00f2 introdu\u00efnt una vessant educativa. A m\u00e9s d\u2019apropar el projecte Verd Play als m\u00e9s petits, realitzarem una normativa paralela a la normativa d\u2019activitats existents, on els participants trobaran una s\u00e8rie de normes de comportament, respecte, toler\u00e0ncia, treball en equip, entre d\u2019altres valors educatius, que hauran de complir essent premiats amb una puntuaci\u00f3 extra. El resultat final ser\u00e0 la suma del resultat obtingut en la competici\u00f3 i el resultat de la puntuaci\u00f3 extra de la proposta educativa<\/p>\n<p><a href=\"https:\/\/goo.gl\/photos\/mMCKrGLcgEjKzRB76\">https:\/\/goo.gl\/photos\/mMCKrGLcgEjKzRB76<\/a><\/p>\n","protected":false},"excerpt":{"rendered":"<p>                                                                                                                                          &hellip;  <a href=\"https:\/\/agora.xtec.cat\/ceip-santildefons-cornella\/portada\/jornada-multiesportiva-6e-curs\/\" title=\"Read Jornada Multiesportiva 6\u00e8 curs\">Llegeix m\u00e9s\u00bb<\/a><\/p>\n","protected":false},"author":5,"featured_media":462,"comment_status":"open","ping_status":"open","sticky":false,"template":"","format":"standard","meta":{"_bbp_topic_count":0,"_bbp_reply_count":0,"_bbp_total_topic_count":0,"_bbp_total_reply_count":0,"_bbp_voice_count":0,"_bbp_anonymous_reply_count":0,"_bbp_topic_count_hidden":0,"_bbp_reply_count_hidden":0,"_bbp_forum_subforum_count":0,"footnotes":""},"categories":[15,76,4],"tags":[35],"class_list":["post-461","post","type-post","status-publish","format-standard","has-post-thumbnail","hentry","category-6e","category-educacio-fisica","category-portada","tag-jornada-multiesportiva"],"post_mailing_queue_ids":[],"_links":{"self":[{"href":"https:\/\/agora.xtec.cat\/ceip-santildefons-cornella\/wp-json\/wp\/v2\/posts\/461","targetHints":{"allow":["GET"]}}],"collection":[{"href":"https:\/\/agora.xtec.cat\/ceip-santildefons-cornella\/wp-json\/wp\/v2\/posts"}],"about":[{"href":"https:\/\/agora.xtec.cat\/ceip-santildefons-cornella\/wp-json\/wp\/v2\/types\/post"}],"author":[{"embeddable":true,"href":"https:\/\/agora.xtec.cat\/ceip-santildefons-cornella\/wp-json\/wp\/v2\/users\/5"}],"replies":[{"embeddable":true,"href":"https:\/\/agora.xtec.cat\/ceip-santildefons-cornella\/wp-json\/wp\/v2\/comments?post=461"}],"version-history":[{"count":3,"href":"https:\/\/agora.xtec.cat\/ceip-santildefons-cornella\/wp-json\/wp\/v2\/posts\/461\/revisions"}],"predecessor-version":[{"id":699,"href":"https:\/\/agora.xtec.cat\/ceip-santildefons-cornella\/wp-json\/wp\/v2\/posts\/461\/revisions\/699"}],"wp:featuredmedia":[{"embeddable":true,"href":"https:\/\/agora.xtec.cat\/ceip-santildefons-cornella\/wp-json\/wp\/v2\/media\/462"}],"wp:attachment":[{"href":"https:\/\/agora.xtec.cat\/ceip-santildefons-cornella\/wp-json\/wp\/v2\/media?parent=461"}],"wp:term":[{"taxonomy":"category","embeddable":true,"href":"https:\/\/agora.xtec.cat\/ceip-santildefons-cornella\/wp-json\/wp\/v2\/categories?post=461"},{"taxonomy":"post_tag","embeddable":true,"href":"https:\/\/agora.xtec.cat\/ceip-santildefons-cornella\/wp-json\/wp\/v2\/tags?post=461"}],"curies":[{"name":"wp","href":"https:\/\/api.w.org\/{rel}","templated":true}]}}