{"id":4527,"date":"2021-06-15T14:43:20","date_gmt":"2021-06-15T12:43:20","guid":{"rendered":"http:\/\/agora.xtec.cat\/ceip-santildefons-cornella\/?p=4527"},"modified":"2021-06-15T14:43:20","modified_gmt":"2021-06-15T12:43:20","slug":"lescola-ceir-arco-al-sant-ildefons","status":"publish","type":"post","link":"https:\/\/agora.xtec.cat\/ceip-santildefons-cornella\/portada\/lescola-ceir-arco-al-sant-ildefons\/","title":{"rendered":"L&#8217;escola CEIR ARCO al SANT ILDEFONS"},"content":{"rendered":"<p>Durant aquest curs, i malgrat la pand\u00e8mia, els alumnes de 5\u00e8 i els alumnes de l&#8217;Escola Ceir Arco de Barcelona, del Cicle Formatiu d&#8217;Integraci\u00f3 Social hem fet moltes activitats de manera telem\u00e0tica. Quan la pand\u00e8mia ens ho ha perm\u00e8s, ens hem pogut con\u00e8ixer. En el seg\u00fcent v\u00eddeo podeu veure com va anar aquesta trobada.<\/p>\n<p>Ha estat una experi\u00e8ncia molt enriquidora, hem apr\u00e8s molt i ens hem divertit molt\u00edssim.<\/p>\n<p><iframe loading=\"lazy\" src=\"\/\/player.vimeo.com\/video\/563203918?title=0&amp;byline=0&amp;portrait=0&amp;color=8dc7dc\" width=\"425\" height=\"350\"><\/iframe><\/p>\n","protected":false},"excerpt":{"rendered":"<p>Durant aquest curs, i malgrat la pand\u00e8mia, els alumnes de 5\u00e8 i els alumnes de l&#8217;Escola Ceir Arco de Barcelona, del Cicle Formatiu d&#8217;Integraci\u00f3 Social hem fet moltes activitats de manera telem\u00e0tica. Quan la pand\u00e8mia ens ho ha perm\u00e8s, ens hem pogut con\u00e8ixer. En el&hellip;  <a href=\"https:\/\/agora.xtec.cat\/ceip-santildefons-cornella\/portada\/lescola-ceir-arco-al-sant-ildefons\/\" title=\"Read L&#8217;escola CEIR ARCO al SANT ILDEFONS\">Llegeix m\u00e9s\u00bb<\/a><\/p>\n","protected":false},"author":4,"featured_media":0,"comment_status":"open","ping_status":"closed","sticky":false,"template":"","format":"standard","meta":{"_bbp_topic_count":0,"_bbp_reply_count":0,"_bbp_total_topic_count":0,"_bbp_total_reply_count":0,"_bbp_voice_count":0,"_bbp_anonymous_reply_count":0,"_bbp_topic_count_hidden":0,"_bbp_reply_count_hidden":0,"_bbp_forum_subforum_count":0,"footnotes":""},"categories":[14,4,5],"tags":[],"class_list":["post-4527","post","type-post","status-publish","format-standard","hentry","category-5e","category-portada","category-primaria"],"post_mailing_queue_ids":[],"_links":{"self":[{"href":"https:\/\/agora.xtec.cat\/ceip-santildefons-cornella\/wp-json\/wp\/v2\/posts\/4527","targetHints":{"allow":["GET"]}}],"collection":[{"href":"https:\/\/agora.xtec.cat\/ceip-santildefons-cornella\/wp-json\/wp\/v2\/posts"}],"about":[{"href":"https:\/\/agora.xtec.cat\/ceip-santildefons-cornella\/wp-json\/wp\/v2\/types\/post"}],"author":[{"embeddable":true,"href":"https:\/\/agora.xtec.cat\/ceip-santildefons-cornella\/wp-json\/wp\/v2\/users\/4"}],"replies":[{"embeddable":true,"href":"https:\/\/agora.xtec.cat\/ceip-santildefons-cornella\/wp-json\/wp\/v2\/comments?post=4527"}],"version-history":[{"count":1,"href":"https:\/\/agora.xtec.cat\/ceip-santildefons-cornella\/wp-json\/wp\/v2\/posts\/4527\/revisions"}],"predecessor-version":[{"id":4528,"href":"https:\/\/agora.xtec.cat\/ceip-santildefons-cornella\/wp-json\/wp\/v2\/posts\/4527\/revisions\/4528"}],"wp:attachment":[{"href":"https:\/\/agora.xtec.cat\/ceip-santildefons-cornella\/wp-json\/wp\/v2\/media?parent=4527"}],"wp:term":[{"taxonomy":"category","embeddable":true,"href":"https:\/\/agora.xtec.cat\/ceip-santildefons-cornella\/wp-json\/wp\/v2\/categories?post=4527"},{"taxonomy":"post_tag","embeddable":true,"href":"https:\/\/agora.xtec.cat\/ceip-santildefons-cornella\/wp-json\/wp\/v2\/tags?post=4527"}],"curies":[{"name":"wp","href":"https:\/\/api.w.org\/{rel}","templated":true}]}}