{"id":4497,"date":"2021-05-31T15:13:23","date_gmt":"2021-05-31T13:13:23","guid":{"rendered":"http:\/\/agora.xtec.cat\/ceip-santildefons-cornella\/?p=4497"},"modified":"2021-05-31T15:13:23","modified_gmt":"2021-05-31T13:13:23","slug":"ja-hem-arribat-a-la-casa-de-colonies","status":"publish","type":"post","link":"https:\/\/agora.xtec.cat\/ceip-santildefons-cornella\/general\/ja-hem-arribat-a-la-casa-de-colonies\/","title":{"rendered":"Ja hem arribat a la casa de col\u00f2nies"},"content":{"rendered":"<p>Els nens i les nenes que hem sortit aquest mat\u00ed cap a la casa de col\u00f2nies Mas Pag\u00e8s, de Sant Esteve de Gialbes a Girona, ja hem arribat. Us anirem penjat alguna foto per aqu\u00ed de la nostra estada.<\/p>\n<p><a href=\"https:\/\/agora.xtec.cat\/ceip-santildefons-cornella\/wp-content\/uploads\/usu544\/2021\/05\/0b3d1ed8-2673-4a1b-844c-dbc3b61fd85d.jpg\"><img loading=\"lazy\" decoding=\"async\" class=\"alignnone size-large wp-image-4498\" src=\"https:\/\/agora.xtec.cat\/ceip-santildefons-cornella\/wp-content\/uploads\/usu544\/2021\/05\/0b3d1ed8-2673-4a1b-844c-dbc3b61fd85d-1024x768.jpg\" alt=\"\" width=\"1024\" height=\"768\" srcset=\"https:\/\/agora.xtec.cat\/ceip-santildefons-cornella\/wp-content\/uploads\/usu544\/2021\/05\/0b3d1ed8-2673-4a1b-844c-dbc3b61fd85d-1024x768.jpg 1024w, https:\/\/agora.xtec.cat\/ceip-santildefons-cornella\/wp-content\/uploads\/usu544\/2021\/05\/0b3d1ed8-2673-4a1b-844c-dbc3b61fd85d-300x225.jpg 300w, https:\/\/agora.xtec.cat\/ceip-santildefons-cornella\/wp-content\/uploads\/usu544\/2021\/05\/0b3d1ed8-2673-4a1b-844c-dbc3b61fd85d-768x576.jpg 768w, https:\/\/agora.xtec.cat\/ceip-santildefons-cornella\/wp-content\/uploads\/usu544\/2021\/05\/0b3d1ed8-2673-4a1b-844c-dbc3b61fd85d-200x150.jpg 200w, https:\/\/agora.xtec.cat\/ceip-santildefons-cornella\/wp-content\/uploads\/usu544\/2021\/05\/0b3d1ed8-2673-4a1b-844c-dbc3b61fd85d.jpg 1600w\" sizes=\"auto, (max-width: 1024px) 100vw, 1024px\" \/><\/a> <a href=\"https:\/\/agora.xtec.cat\/ceip-santildefons-cornella\/wp-content\/uploads\/usu544\/2021\/05\/8ec5d7e0-83ef-4cb5-a30a-b6d78d630783.jpg\"><img loading=\"lazy\" decoding=\"async\" class=\"alignnone size-large wp-image-4499\" src=\"https:\/\/agora.xtec.cat\/ceip-santildefons-cornella\/wp-content\/uploads\/usu544\/2021\/05\/8ec5d7e0-83ef-4cb5-a30a-b6d78d630783-1024x768.jpg\" alt=\"\" width=\"1024\" height=\"768\" srcset=\"https:\/\/agora.xtec.cat\/ceip-santildefons-cornella\/wp-content\/uploads\/usu544\/2021\/05\/8ec5d7e0-83ef-4cb5-a30a-b6d78d630783-1024x768.jpg 1024w, https:\/\/agora.xtec.cat\/ceip-santildefons-cornella\/wp-content\/uploads\/usu544\/2021\/05\/8ec5d7e0-83ef-4cb5-a30a-b6d78d630783-300x225.jpg 300w, https:\/\/agora.xtec.cat\/ceip-santildefons-cornella\/wp-content\/uploads\/usu544\/2021\/05\/8ec5d7e0-83ef-4cb5-a30a-b6d78d630783-768x576.jpg 768w, https:\/\/agora.xtec.cat\/ceip-santildefons-cornella\/wp-content\/uploads\/usu544\/2021\/05\/8ec5d7e0-83ef-4cb5-a30a-b6d78d630783-200x150.jpg 200w, https:\/\/agora.xtec.cat\/ceip-santildefons-cornella\/wp-content\/uploads\/usu544\/2021\/05\/8ec5d7e0-83ef-4cb5-a30a-b6d78d630783.jpg 1600w\" sizes=\"auto, (max-width: 1024px) 100vw, 1024px\" \/><\/a> <a href=\"https:\/\/agora.xtec.cat\/ceip-santildefons-cornella\/wp-content\/uploads\/usu544\/2021\/05\/987ef771-456f-44b3-abc5-564710cf7158.jpg\"><img loading=\"lazy\" decoding=\"async\" class=\"alignnone size-large wp-image-4500\" src=\"https:\/\/agora.xtec.cat\/ceip-santildefons-cornella\/wp-content\/uploads\/usu544\/2021\/05\/987ef771-456f-44b3-abc5-564710cf7158-1024x768.jpg\" alt=\"\" width=\"1024\" height=\"768\" srcset=\"https:\/\/agora.xtec.cat\/ceip-santildefons-cornella\/wp-content\/uploads\/usu544\/2021\/05\/987ef771-456f-44b3-abc5-564710cf7158-1024x768.jpg 1024w, https:\/\/agora.xtec.cat\/ceip-santildefons-cornella\/wp-content\/uploads\/usu544\/2021\/05\/987ef771-456f-44b3-abc5-564710cf7158-300x225.jpg 300w, https:\/\/agora.xtec.cat\/ceip-santildefons-cornella\/wp-content\/uploads\/usu544\/2021\/05\/987ef771-456f-44b3-abc5-564710cf7158-768x576.jpg 768w, https:\/\/agora.xtec.cat\/ceip-santildefons-cornella\/wp-content\/uploads\/usu544\/2021\/05\/987ef771-456f-44b3-abc5-564710cf7158-200x150.jpg 200w, https:\/\/agora.xtec.cat\/ceip-santildefons-cornella\/wp-content\/uploads\/usu544\/2021\/05\/987ef771-456f-44b3-abc5-564710cf7158.jpg 1600w\" sizes=\"auto, (max-width: 1024px) 100vw, 1024px\" \/><\/a><\/p>\n","protected":false},"excerpt":{"rendered":"<p>Els nens i les nenes que hem sortit aquest mat\u00ed cap a la casa de col\u00f2nies Mas Pag\u00e8s, de Sant Esteve de Gialbes a Girona, ja hem arribat. Us anirem penjat alguna foto per aqu\u00ed de la nostra estada.<br \/>\n<a href=\"https:\/\/agora.xtec.cat\/ceip-santildefons-cornella\/wp-content\/uploads\/usu544\/2021\/05\/0b3d1ed8-2673-4a1b-844c-dbc3b61fd85d.jpg\"><\/a> <a href=\"https:\/\/agora.xtec.cat\/ceip-santildefons-cornella\/wp-content\/uploads\/usu544\/2021\/05\/8ec5d7e0-83ef-4cb5-a30a-b6d78d630783.jpg\"><\/a> <a href=\"https:\/\/agora.xtec.cat\/ceip-santildefons-cornella\/wp-content\/uploads\/usu544\/2021\/05\/987ef771-456f-44b3-abc5-564710cf7158.jpg\"><\/a><\/p>\n","protected":false},"author":4,"featured_media":4500,"comment_status":"open","ping_status":"closed","sticky":false,"template":"","format":"standard","meta":{"_bbp_topic_count":0,"_bbp_reply_count":0,"_bbp_total_topic_count":0,"_bbp_total_reply_count":0,"_bbp_voice_count":0,"_bbp_anonymous_reply_count":0,"_bbp_topic_count_hidden":0,"_bbp_reply_count_hidden":0,"_bbp_forum_subforum_count":0,"footnotes":""},"categories":[12,13,14,15,1,4,5],"tags":[118],"class_list":["post-4497","post","type-post","status-publish","format-standard","has-post-thumbnail","hentry","category-3r","category-4t","category-5e","category-6e","category-general","category-portada","category-primaria","tag-colonies"],"post_mailing_queue_ids":[],"_links":{"self":[{"href":"https:\/\/agora.xtec.cat\/ceip-santildefons-cornella\/wp-json\/wp\/v2\/posts\/4497","targetHints":{"allow":["GET"]}}],"collection":[{"href":"https:\/\/agora.xtec.cat\/ceip-santildefons-cornella\/wp-json\/wp\/v2\/posts"}],"about":[{"href":"https:\/\/agora.xtec.cat\/ceip-santildefons-cornella\/wp-json\/wp\/v2\/types\/post"}],"author":[{"embeddable":true,"href":"https:\/\/agora.xtec.cat\/ceip-santildefons-cornella\/wp-json\/wp\/v2\/users\/4"}],"replies":[{"embeddable":true,"href":"https:\/\/agora.xtec.cat\/ceip-santildefons-cornella\/wp-json\/wp\/v2\/comments?post=4497"}],"version-history":[{"count":1,"href":"https:\/\/agora.xtec.cat\/ceip-santildefons-cornella\/wp-json\/wp\/v2\/posts\/4497\/revisions"}],"predecessor-version":[{"id":4501,"href":"https:\/\/agora.xtec.cat\/ceip-santildefons-cornella\/wp-json\/wp\/v2\/posts\/4497\/revisions\/4501"}],"wp:featuredmedia":[{"embeddable":true,"href":"https:\/\/agora.xtec.cat\/ceip-santildefons-cornella\/wp-json\/wp\/v2\/media\/4500"}],"wp:attachment":[{"href":"https:\/\/agora.xtec.cat\/ceip-santildefons-cornella\/wp-json\/wp\/v2\/media?parent=4497"}],"wp:term":[{"taxonomy":"category","embeddable":true,"href":"https:\/\/agora.xtec.cat\/ceip-santildefons-cornella\/wp-json\/wp\/v2\/categories?post=4497"},{"taxonomy":"post_tag","embeddable":true,"href":"https:\/\/agora.xtec.cat\/ceip-santildefons-cornella\/wp-json\/wp\/v2\/tags?post=4497"}],"curies":[{"name":"wp","href":"https:\/\/api.w.org\/{rel}","templated":true}]}}