{"id":4282,"date":"2021-03-15T12:55:27","date_gmt":"2021-03-15T11:55:27","guid":{"rendered":"http:\/\/agora.xtec.cat\/ceip-santildefons-cornella\/?p=4282"},"modified":"2021-03-16T15:36:42","modified_gmt":"2021-03-16T14:36:42","slug":"treballem-el-dia-internacional-de-la-dona","status":"publish","type":"post","link":"https:\/\/agora.xtec.cat\/ceip-santildefons-cornella\/general\/treballem-el-dia-internacional-de-la-dona\/","title":{"rendered":"Celebrem el Dia de la Dona"},"content":{"rendered":"<p>La setmana del 8 al 14 de mar\u00e7, els nens i les nenes de cicle mitj\u00e0 de l\u2019escola Sant Ildefons van treballar aspectes relacionats amb el Dia Internacional de la Dona. Van aprendre el nom de moltes dones que han sigut realment importants (cient\u00edfiques, inventores, astronautes&#8230;) i van debatre sobre els rols de g\u00e8nere. Tots i totes som iguals i, per tant, cal lluitar per la igualtat. Tots i totes podem aconseguir all\u00f2 que ens proposem.<\/p>\n<div id=\"28D0B\" style=\"width: 100%;max-width: 600px;height: 400px\"><img decoding=\"async\" src=\"https:\/\/lh3.googleusercontent.com\/CoC8gOeqnInci6V_cdcRSOHMyL4XT1hTpYTQ4YqvtXWkDU3JaugZ8M4BSQtP0C6VnpNm47qaFpgQ-8zlils6X7Xxxl6FFNSbWm-x1O8vG31ZErZDiVtXJOATWYWb3COlSKL-IUVH3wMoHDPwinWond4KH8dQ5a9V3wEeYYsNhwkQnmIn1HraFffYSznMGXC_jJTpOVLSZWmPzq5PGH-L1m1hcLuR8ex_TwYPTN32jXt5vJrxWADDvGKxs8UOTrH9CaCWOekyQLQakDR0P_FldeGpsY-v_d4jiIiI7Ig8z2CXr8oFgTp3-jquI_ZW4PX-RmpLIU57yrWvY3dleM4rii95WZm5rAxyneKuwc8tjUl-j6i3L7tdnLvsshBjrUO2J_Ujr6TOq0-7ZY5os5jN4Z_l2xaSF6OzrbgLPDoURqmDlFQO_EFR9OGuNtsE-9UKmfWeLmYQgdx8br-_x9BLnYbRTBYzyuM2d9Ns1gAY3i0vWGe_iNp8MGGvKhIxaYLVw_2VlHdBlJKWqwvvi6TCPV9HulLRzi6Q-BT6NtsZgCnh2pIxuSLJ7Fu2uWl-LfP0cqfb1xls5kiRi4x5avfhHoAUHw4c3HFDfnj-GnxmwXEQMy97Z0bKGwRJmP9nAQpoMx1mbJme2XSoEFb-MzBcRY02KdGh2gkizswehS8mVnW0a_EGWBYLknid6azoL7edbFFEzD1QsnXAZKD795ipKVe1=w389-h291-no?authuser=0\" data-link=\"https:\/\/photos.google.com\/album\/AF1QipOHf-Uo0XBusYyoiLYq6dsYuZJKWSW0prpk_Kjk\/photo\/AF1QipMcUrBRA32bd9Q4hb-NHlyQr3kaWJ2p7rTbw4wO\" \/><br \/>\n<img decoding=\"async\" src=\"https:\/\/lh3.googleusercontent.com\/n8MHPS7DmOAYqS278dY0U82cPu54-por5xT2OCepONJMqAVtZpPTetROiUxLB363TANX0KDcH0Lt2NUBaBv1loOjPM9puynYgnZ3k8Ofu8ieLhIguWqYg6F2LLtBUYPE9S1R0dsKwukjxbdlo7ByojvSCTlC9qfJKXtKuixWVf84AJId5APIBAEA0sQzF2DD4yaWmipANoyiuIrrGtVXL4wB3XEH9uM26SjE2gi0zmo2GrVsepTjk1HDWdnr64YKAuT2Q9QJ7Z3zdzJ0XJUtXaezpLeR2nMdaaHSX8JjbVRaME0GBnZfZ5zGf802Nzn1V3KQrOwJOwOE41Em1kS1Dbeu9qZCs4QcWCrmee881ZGHSqgxNBEOQiW7Wiaj7yIlDahw18cdpJTQ88Rv63jkX-ZVPg841D-ZqK_2VOizXizB_1jmIs7aYwychOxV3Nhu1YlTUL0lvhN7YlSM1de4u-sthB1tGE7xqq9Qvpd0C-XmfN2wbErX0oxVPtGWB8LaRtdME5INrloBr7lATkSrtcb-lzPLaj46iqzDPh5b8AvxpITHjnu5NLq-6CgQokNimA9J4gojcIg0aZMPxgs50tn4xFAq_rfcIseJJffBpjmHGc5AEEkzs4FiLMOkUH28TZBR5y_T5jzpb2si9EHGUpLrRE_-DHLWmnsTuvUJyH-R4-w0T3BgeBpxRq_1Bdp824DcULNPhGOhr8AlxnlCT5YH=w389-h291-no?authuser=0\" data-link=\"https:\/\/photos.google.com\/album\/AF1QipOHf-Uo0XBusYyoiLYq6dsYuZJKWSW0prpk_Kjk\/photo\/AF1QipMSTDe57tKYpLEwz6kEbk6cOeV5ojCPGAaHmhS4\" \/><br \/>\n<img decoding=\"async\" src=\"https:\/\/lh3.googleusercontent.com\/_yyu1TJy83JAZADeWIjgcuR7B7-2qdoP_4TbO0frC7es_JWqRVMXT1zoGEjfu1YQB3MJhqrBYBKDUEcWc2pd5HqLxPGenDSR43Ld31aRnUFZcAI8mQpMFH-uFNru0EwjDv1Ij9_A30HAiB_ECVUvWarhTdTpkykTYDieWUefuMFHNA5B-y63hBRWB8VCNXRsNqChHoBySXkoh0QXJEpx3RuDMQeaJ_072YmJJb15eDxWM2JJfM0Jug0cVFQoxkgN1KlYGvB57D7F7gHZTO6KEybmsqfruP75C9pYTL_tv-yc7xzwJRMtIoXFrRS9iSLOLUb96eRP8Gd12ihEwK572cY6Lz_OL63LCaGeaET4Nnp-LKWfzJo0O_Mxnvdy7DsvNXKn1VsQ7-BnbdZGsjhWgsVpS0onxFQcHv_l8gMCbwR83Yfc_wh5vcnA0kvgNgkEJe1-VhMSE6-eUhapL-3LBrt_fOUUIHo6Br8HMi-Nfd4y1QxyDbfB2zk3GLYJ0zEZ9_VTEINbqQsxrTxIQzTMPqhKOlamDIRGfJYn6nFWokjoudG2obwtlKpn2-hsZ-y1DognTjp6FqBxExAhrMa-Sw0gebXz5CfvQa4T3gAwVguvKKzjNXZkGkwKg6_7hG7JVA19ViRuVQTs4l5x0ocyTBoB-P_NdR2tsjplLZkygr_FHImtYMcE_aN7hBj_bbZU04YG_V3o2rd8HI7DujRxiX7p=w389-h291-no?authuser=0\" data-link=\"https:\/\/photos.google.com\/album\/AF1QipOHf-Uo0XBusYyoiLYq6dsYuZJKWSW0prpk_Kjk\/photo\/AF1QipPRqFhNZ5ip4Xsdx0w08gFbq9SwT_JG6b9R-45N\" \/><br \/>\n<img decoding=\"async\" src=\"https:\/\/lh3.googleusercontent.com\/rqerCD_8fKoqoIYypuGA90MAjJ6s2KbIqPtt0THyovv40wxWw4nSPFt6GynRfzytRRq_XKlvvH-mP8jH40pfRfb5l-C8OekdWFzYLkPALZ5L9nWuY43pIt-qA-Vdu0N95FYWG2ch6FxgSGf0Z5WttgC3VDH74W51hEL8HhSAtfIWI90TmSYhc-0YFZGx8gM-O0y7tNxLhgTsKytvHd7S4P5ur8lT9w7SwiI9kV2x8xfRfCqx56GIWNOa-CmatAw0s09eRgOjJWW0QOB6ilYsHDymhwL2sKfggwNDNeqSVaCtsOa9c-UdTLSKjZz7wlKO0tq0dQvTPeVMmdJV5NB46KIx4srhDDpOk9DMrcdakWpfUGT-0McTNqOrarQ0DdpJfhGPTtWyeXsAd8NYLaBK90rx_O-2-Ws0pZeVE2FS7581HespFak3dNvwg_yg7T5uaA6RMCctoqIi53XeCEVg4RUIQzU1En6VQmlP6sfErckd-3NjN3KDoApAqN_LHPtZVM8zwDC3rVB26IpFTRNFZ1QsLZ9FMsebcCVcA-_I9Hm6XVCSdw30bMFFX_H4FvEutLyCF9Hl1CGTnx3ro0qckmAuiWwc-Y85n9-8RkDYlw80F727wDYHQf_d6GkXi2c73kcvHowl0tClxghjVxJamJGFVSy-OdvnzyFlctDj-bQWcrEOnJpFlYw33df28rOHSJfkys7haiBwdVm-6BSOY0Bk=w216-h288-no?authuser=0\" data-link=\"https:\/\/photos.google.com\/album\/AF1QipOHf-Uo0XBusYyoiLYq6dsYuZJKWSW0prpk_Kjk\/photo\/AF1QipO9J8fWV_xh6jZ9UzOuq_s0it-HJZFsWIkIBniw\" \/><br \/>\n<img decoding=\"async\" src=\"https:\/\/lh3.googleusercontent.com\/pnGzdCtfzIzqDFBUbG_UbEcC_U3b5O8EEyaaH2rzMLnECbd0PyYnzYSrv8xRfscBp0UWlEjshtL1x31UEAxOvv8BNmp8ac3AnY5sBZzU8YnwvgmsezQPy2eJbbAUTwVtR8lxHfNvbt9NVVb_mSWPAKeNHBiYgirPEgtOt9fip2CadLBIHP-UySD7UECTmlYFgtuv-BeoG6i_qN-q9qTPA2j1Es8SJuCDgyayr4_vWMG-8kCMcCzvQto4NEOhqawvCBQvuAGwQdOfk3LwJ3iBGALedMBDDuBLMLajkP25aFxUEPOmQqgwRmKdbLBsekHujKkIvB7qELd6ZRQqmRNG0lrqTonVsVq7Zh0WBVeetWXOyhsdPzUSx37Rl7Mq6Kl1CvMUzQE71a61nwMZdZreWX2WFH9F2rDh2ark5C3UKQpBzLz158MBVTQzcWAyyKxCU-EQFCbiczJzZi3uVSCnzVP2ULmPE7XrgKstmB62SlFBOCwlDcC8NcVaOrpoQzpg_XduIZRtWzMCJkQYqwHmdiSEnUJsfwVswX_tDcrD4J9CBXvyw5mWYYJBZPgW-2Fn4kjySxKr5Bz20SSBmGLjnE6ISnYu7NXpX68gN-5gOS54Xm54cayyC9QuqDjOfYnK9dKZpOx1Gu3pFGxS17xgZbcnPxCR5KULY3sAyQqUy7LV66OWkiBYvZ9c8Phbw7bCb3zUUSa8X61k7p3pPogrrE9T=w383-h288-no?authuser=0\" data-link=\"https:\/\/photos.google.com\/album\/AF1QipOHf-Uo0XBusYyoiLYq6dsYuZJKWSW0prpk_Kjk\/photo\/AF1QipM3VHMJVB-WTI4DMYMGySFi_-1r4gmrnqA9J4zj\" \/><br \/>\n<img decoding=\"async\" src=\"https:\/\/lh3.googleusercontent.com\/uKA-sznfnvZqQJm3ldPrDqRUDBs6a1Y85M0IDC5Nz6uslaj95I5bzTGjB0WRHvzQuH75r1k2F9rQfc_7a4aMnp2XLO0btCoL9XJImvD69-8K75hg7NnDhWOZsr2JBp-YofpRoQQZGa_IImpW-OYcE7Os1zBaMs2TjmRmkKtQ4618_q_icvsna7osPAdFPDQVta6CSmGOleastNTUF3ljLA-LotKzSy0beydUSxv8aIwrwzwOnJbaivwtE6ga_xzW8Vw8uMzEyOTS0duDzDcGBPME5co_PlnXcp6Y5U9T5ZRnOLq6kdgzgUqimXgmVNrF8adq8dkfGjLHEfkR3_ccUEorte1RCnkuFS-8SP23SVqFgotjUQ0f1-muJ0BYV0GzjaXBP65AIK93JkdhtV0NEOPJgS9YfwlwYfU6v4vss2fqQiAbvblZYwm1C5r8aUc5yuQ-vB9oSZBfx9OOBI6mEnvH1S5DDOTO_fK4x0cK95OxdUnnO9X8PO51X0U1ArRaucPGqy1UOU5sqQ-PUy-mw6fYSSqNuavwEe5TpajjZ7BHRwmaLCXx8qD0Qafc-SGQ2Xi9a15AdzOcKCmkRfdE4MBT_fH0VD-fZElM4TdGBSBg3PebriZhvUoihRT0TpLYDkRW2p8m1IHyl6OffPOMQlApTOehuNDjga4tFFL6db00r29ULrmaI2lHG4zKl61p_P-w5o3EKFCKia5iTjNf-rqR=w383-h288-no?authuser=0\" data-link=\"https:\/\/photos.google.com\/album\/AF1QipOHf-Uo0XBusYyoiLYq6dsYuZJKWSW0prpk_Kjk\/photo\/AF1QipNNTqVdCiTOcwstNaW9532GzGqaKqmyCXmZEFo1\" \/><\/div>\n<p><script type=\"text\/javascript\" src=\"https:\/\/cdn.jsdelivr.net\/npm\/jquery@3.5.1\/dist\/jquery.min.js\"><\/script><br \/>\n<script>\n  (MyGalleries=(typeof MyGalleries === 'undefined' ? [] : MyGalleries)).push({gallId:'#28D0B',autoplay:true,lightbox:true,debug:false,popupLinks:true});\n  if(typeof GalleryLoaded === 'undefined'){\n    GalleryLoaded = jQuery(function(){\n      jQuery.ajax({url:'https:\/\/cdn.jsdelivr.net\/npm\/galleria@1.6.1\/dist\/galleria.min.js',dataType:'script',cache:true}).done(function(){\n        Galleria.loadTheme('https:\/\/cdn.jsdelivr.net\/npm\/galleria@1.6.1\/dist\/themes\/classic\/galleria.classic.js');\n        for(var n in MyGalleries){\n          Galleria.run(MyGalleries[n].gallId, MyGalleries[n]);\n          jQuery(MyGalleries[n].gallId).css('display','block');\n        }\n      });\n    });\n  }\n<\/script><\/p>\n","protected":false},"excerpt":{"rendered":"<p>La setmana del 8 al 14 de mar\u00e7, els nens i les nenes de cicle mitj\u00e0 de l\u2019escola Sant Ildefons van treballar aspectes relacionats amb el Dia Internacional de la Dona. Van aprendre el nom de moltes dones que han sigut realment importants (cient\u00edfiques, inventores,&hellip;  <a href=\"https:\/\/agora.xtec.cat\/ceip-santildefons-cornella\/general\/treballem-el-dia-internacional-de-la-dona\/\" title=\"Read Celebrem el Dia de la Dona\">Llegeix m\u00e9s\u00bb<\/a><\/p>\n","protected":false},"author":40,"featured_media":4283,"comment_status":"open","ping_status":"closed","sticky":false,"template":"","format":"standard","meta":{"_bbp_topic_count":0,"_bbp_reply_count":0,"_bbp_total_topic_count":0,"_bbp_total_reply_count":0,"_bbp_voice_count":0,"_bbp_anonymous_reply_count":0,"_bbp_topic_count_hidden":0,"_bbp_reply_count_hidden":0,"_bbp_forum_subforum_count":0,"footnotes":""},"categories":[12,13,1,4,5],"tags":[202,196],"class_list":["post-4282","post","type-post","status-publish","format-standard","has-post-thumbnail","hentry","category-3r","category-4t","category-general","category-portada","category-primaria","tag-dia-de-la-dona","tag-escola"],"post_mailing_queue_ids":[],"_links":{"self":[{"href":"https:\/\/agora.xtec.cat\/ceip-santildefons-cornella\/wp-json\/wp\/v2\/posts\/4282","targetHints":{"allow":["GET"]}}],"collection":[{"href":"https:\/\/agora.xtec.cat\/ceip-santildefons-cornella\/wp-json\/wp\/v2\/posts"}],"about":[{"href":"https:\/\/agora.xtec.cat\/ceip-santildefons-cornella\/wp-json\/wp\/v2\/types\/post"}],"author":[{"embeddable":true,"href":"https:\/\/agora.xtec.cat\/ceip-santildefons-cornella\/wp-json\/wp\/v2\/users\/40"}],"replies":[{"embeddable":true,"href":"https:\/\/agora.xtec.cat\/ceip-santildefons-cornella\/wp-json\/wp\/v2\/comments?post=4282"}],"version-history":[{"count":3,"href":"https:\/\/agora.xtec.cat\/ceip-santildefons-cornella\/wp-json\/wp\/v2\/posts\/4282\/revisions"}],"predecessor-version":[{"id":4288,"href":"https:\/\/agora.xtec.cat\/ceip-santildefons-cornella\/wp-json\/wp\/v2\/posts\/4282\/revisions\/4288"}],"wp:featuredmedia":[{"embeddable":true,"href":"https:\/\/agora.xtec.cat\/ceip-santildefons-cornella\/wp-json\/wp\/v2\/media\/4283"}],"wp:attachment":[{"href":"https:\/\/agora.xtec.cat\/ceip-santildefons-cornella\/wp-json\/wp\/v2\/media?parent=4282"}],"wp:term":[{"taxonomy":"category","embeddable":true,"href":"https:\/\/agora.xtec.cat\/ceip-santildefons-cornella\/wp-json\/wp\/v2\/categories?post=4282"},{"taxonomy":"post_tag","embeddable":true,"href":"https:\/\/agora.xtec.cat\/ceip-santildefons-cornella\/wp-json\/wp\/v2\/tags?post=4282"}],"curies":[{"name":"wp","href":"https:\/\/api.w.org\/{rel}","templated":true}]}}