{"id":4127,"date":"2020-12-21T10:44:13","date_gmt":"2020-12-21T09:44:13","guid":{"rendered":"http:\/\/agora.xtec.cat\/ceip-santildefons-cornella\/?p=4127"},"modified":"2020-12-21T10:46:12","modified_gmt":"2020-12-21T09:46:12","slug":"el-nadal-a-la-classe-de-religio","status":"publish","type":"post","link":"https:\/\/agora.xtec.cat\/ceip-santildefons-cornella\/general\/el-nadal-a-la-classe-de-religio\/","title":{"rendered":"EL NADAL A LA CLASSE DE RELIGI\u00d3"},"content":{"rendered":"<p><a href=\"https:\/\/agora.xtec.cat\/ceip-santildefons-cornella\/wp-content\/uploads\/usu544\/2020\/12\/p5_result.jpg\"><img loading=\"lazy\" decoding=\"async\" class=\"alignnone size-thumbnail wp-image-4133\" src=\"https:\/\/agora.xtec.cat\/ceip-santildefons-cornella\/wp-content\/uploads\/usu544\/2020\/12\/p5_result-150x150.jpg\" alt=\"\" width=\"150\" height=\"150\" \/><\/a> <a href=\"https:\/\/agora.xtec.cat\/ceip-santildefons-cornella\/wp-content\/uploads\/usu544\/2020\/12\/p4_result.jpg\"><img loading=\"lazy\" decoding=\"async\" class=\"alignnone size-thumbnail wp-image-4132\" src=\"https:\/\/agora.xtec.cat\/ceip-santildefons-cornella\/wp-content\/uploads\/usu544\/2020\/12\/p4_result-150x150.jpg\" alt=\"\" width=\"150\" height=\"150\" \/><\/a> <a href=\"https:\/\/agora.xtec.cat\/ceip-santildefons-cornella\/wp-content\/uploads\/usu544\/2020\/12\/6\u00e8_result.jpg\"><img loading=\"lazy\" decoding=\"async\" class=\"alignnone size-thumbnail wp-image-4131\" src=\"https:\/\/agora.xtec.cat\/ceip-santildefons-cornella\/wp-content\/uploads\/usu544\/2020\/12\/6\u00e8_result-150x150.jpg\" alt=\"\" width=\"150\" height=\"150\" \/><\/a> <a href=\"https:\/\/agora.xtec.cat\/ceip-santildefons-cornella\/wp-content\/uploads\/usu544\/2020\/12\/5\u00e8_result.jpg\"><img loading=\"lazy\" decoding=\"async\" class=\"alignnone size-thumbnail wp-image-4130\" src=\"https:\/\/agora.xtec.cat\/ceip-santildefons-cornella\/wp-content\/uploads\/usu544\/2020\/12\/5\u00e8_result-150x150.jpg\" alt=\"\" width=\"150\" height=\"150\" \/><\/a> <a href=\"https:\/\/agora.xtec.cat\/ceip-santildefons-cornella\/wp-content\/uploads\/usu544\/2020\/12\/4t_result.jpg\"><img loading=\"lazy\" decoding=\"async\" class=\"alignnone size-thumbnail wp-image-4129\" src=\"https:\/\/agora.xtec.cat\/ceip-santildefons-cornella\/wp-content\/uploads\/usu544\/2020\/12\/4t_result-150x150.jpg\" alt=\"\" width=\"150\" height=\"150\" \/><\/a> <a href=\"https:\/\/agora.xtec.cat\/ceip-santildefons-cornella\/wp-content\/uploads\/usu544\/2020\/12\/1r-i-2n_result.jpg\"><img loading=\"lazy\" decoding=\"async\" class=\"alignnone size-thumbnail wp-image-4128\" src=\"https:\/\/agora.xtec.cat\/ceip-santildefons-cornella\/wp-content\/uploads\/usu544\/2020\/12\/1r-i-2n_result-150x150.jpg\" alt=\"\" width=\"150\" height=\"150\" \/><\/a><\/p>\n<p>Els nens\/es que anem a la classe de Religi\u00f3 hem treballat el Nadal, ja que \u00e9s una festa molt important pels cristians. Hem vist v\u00eddeos i hem fet una petita manualitat per a portar a casa. Desitgem que us agradi.<\/p>\n","protected":false},"excerpt":{"rendered":"<p><a href=\"https:\/\/agora.xtec.cat\/ceip-santildefons-cornella\/wp-content\/uploads\/usu544\/2020\/12\/p5_result.jpg\"><\/a> <a href=\"https:\/\/agora.xtec.cat\/ceip-santildefons-cornella\/wp-content\/uploads\/usu544\/2020\/12\/p4_result.jpg\"><\/a> <a href=\"https:\/\/agora.xtec.cat\/ceip-santildefons-cornella\/wp-content\/uploads\/usu544\/2020\/12\/6\u00e8_result.jpg\"><\/a> <a href=\"https:\/\/agora.xtec.cat\/ceip-santildefons-cornella\/wp-content\/uploads\/usu544\/2020\/12\/5\u00e8_result.jpg\"><\/a> <a href=\"https:\/\/agora.xtec.cat\/ceip-santildefons-cornella\/wp-content\/uploads\/usu544\/2020\/12\/4t_result.jpg\"><\/a> <a href=\"https:\/\/agora.xtec.cat\/ceip-santildefons-cornella\/wp-content\/uploads\/usu544\/2020\/12\/1r-i-2n_result.jpg\"><\/a><br \/>\nEls nens\/es que anem a la classe de Religi\u00f3 hem treballat el Nadal, ja que \u00e9s una festa molt important pels cristians. Hem vist v\u00eddeos i hem fet una petita manualitat per a portar&hellip;  <a href=\"https:\/\/agora.xtec.cat\/ceip-santildefons-cornella\/general\/el-nadal-a-la-classe-de-religio\/\" title=\"Read EL NADAL A LA CLASSE DE RELIGI\u00d3\">Llegeix m\u00e9s\u00bb<\/a><\/p>\n","protected":false},"author":1,"featured_media":4131,"comment_status":"open","ping_status":"closed","sticky":false,"template":"","format":"standard","meta":{"_bbp_topic_count":0,"_bbp_reply_count":0,"_bbp_total_topic_count":0,"_bbp_total_reply_count":0,"_bbp_voice_count":0,"_bbp_anonymous_reply_count":0,"_bbp_topic_count_hidden":0,"_bbp_reply_count_hidden":0,"_bbp_forum_subforum_count":0,"footnotes":""},"categories":[1,4],"tags":[],"class_list":["post-4127","post","type-post","status-publish","format-standard","has-post-thumbnail","hentry","category-general","category-portada"],"post_mailing_queue_ids":[],"_links":{"self":[{"href":"https:\/\/agora.xtec.cat\/ceip-santildefons-cornella\/wp-json\/wp\/v2\/posts\/4127","targetHints":{"allow":["GET"]}}],"collection":[{"href":"https:\/\/agora.xtec.cat\/ceip-santildefons-cornella\/wp-json\/wp\/v2\/posts"}],"about":[{"href":"https:\/\/agora.xtec.cat\/ceip-santildefons-cornella\/wp-json\/wp\/v2\/types\/post"}],"author":[{"embeddable":true,"href":"https:\/\/agora.xtec.cat\/ceip-santildefons-cornella\/wp-json\/wp\/v2\/users\/1"}],"replies":[{"embeddable":true,"href":"https:\/\/agora.xtec.cat\/ceip-santildefons-cornella\/wp-json\/wp\/v2\/comments?post=4127"}],"version-history":[{"count":1,"href":"https:\/\/agora.xtec.cat\/ceip-santildefons-cornella\/wp-json\/wp\/v2\/posts\/4127\/revisions"}],"predecessor-version":[{"id":4136,"href":"https:\/\/agora.xtec.cat\/ceip-santildefons-cornella\/wp-json\/wp\/v2\/posts\/4127\/revisions\/4136"}],"wp:featuredmedia":[{"embeddable":true,"href":"https:\/\/agora.xtec.cat\/ceip-santildefons-cornella\/wp-json\/wp\/v2\/media\/4131"}],"wp:attachment":[{"href":"https:\/\/agora.xtec.cat\/ceip-santildefons-cornella\/wp-json\/wp\/v2\/media?parent=4127"}],"wp:term":[{"taxonomy":"category","embeddable":true,"href":"https:\/\/agora.xtec.cat\/ceip-santildefons-cornella\/wp-json\/wp\/v2\/categories?post=4127"},{"taxonomy":"post_tag","embeddable":true,"href":"https:\/\/agora.xtec.cat\/ceip-santildefons-cornella\/wp-json\/wp\/v2\/tags?post=4127"}],"curies":[{"name":"wp","href":"https:\/\/api.w.org\/{rel}","templated":true}]}}