{"id":4065,"date":"2020-11-20T12:35:12","date_gmt":"2020-11-20T11:35:12","guid":{"rendered":"http:\/\/agora.xtec.cat\/ceip-santildefons-cornella\/?p=4065"},"modified":"2020-11-20T12:35:12","modified_gmt":"2020-11-20T11:35:12","slug":"el-boto-magic-a-la-nostra-escola","status":"publish","type":"post","link":"https:\/\/agora.xtec.cat\/ceip-santildefons-cornella\/infantil\/el-boto-magic-a-la-nostra-escola\/","title":{"rendered":"El Bot\u00f3 M\u00e0gic a la nostra Escola"},"content":{"rendered":"<p>Els alumnes de P4 hem participat en la gravaci\u00f3 del v\u00eddeo d&#8217;una can\u00e7\u00f3 del grup &#8220;El Bot\u00f3 M\u00e0gic&#8221; de la fundaci\u00f3 ASPASIM, que es dedica a potenciar el benestar i la inclusi\u00f3 de les persones amb discapacitat intel\u00b7lectual greu, mitjan\u00e7ant projectes educatius, ocupacionals, d&#8217;habitatge o d&#8217;oci.<\/p>\n<p>Ha estat esperant una experi\u00e8ncia \u00fanica!!!<\/p>\n<p><iframe loading=\"lazy\" src=\"\/\/player.vimeo.com\/video\/481644399?title=0&amp;byline=0&amp;portrait=0&amp;color=8dc7dc\" width=\"425\" height=\"350\"><\/iframe><\/p>\n","protected":false},"excerpt":{"rendered":"<p>Els alumnes de P4 hem participat en la gravaci\u00f3 del v\u00eddeo d&#8217;una can\u00e7\u00f3 del grup &#8220;El Bot\u00f3 M\u00e0gic&#8221; de la fundaci\u00f3 ASPASIM, que es dedica a potenciar el benestar i la inclusi\u00f3 de les persones amb discapacitat intel\u00b7lectual greu, mitjan\u00e7ant projectes educatius, ocupacionals, d&#8217;habitatge o&hellip;  <a href=\"https:\/\/agora.xtec.cat\/ceip-santildefons-cornella\/infantil\/el-boto-magic-a-la-nostra-escola\/\" title=\"Read El Bot\u00f3 M\u00e0gic a la nostra Escola\">Llegeix m\u00e9s\u00bb<\/a><\/p>\n","protected":false},"author":4,"featured_media":0,"comment_status":"open","ping_status":"closed","sticky":false,"template":"","format":"standard","meta":{"_bbp_topic_count":0,"_bbp_reply_count":0,"_bbp_total_topic_count":0,"_bbp_total_reply_count":0,"_bbp_voice_count":0,"_bbp_anonymous_reply_count":0,"_bbp_topic_count_hidden":0,"_bbp_reply_count_hidden":0,"_bbp_forum_subforum_count":0,"footnotes":""},"categories":[8,2,4],"tags":[42],"class_list":["post-4065","post","type-post","status-publish","format-standard","hentry","category-i4","category-infantil","category-portada","tag-musica"],"post_mailing_queue_ids":[],"_links":{"self":[{"href":"https:\/\/agora.xtec.cat\/ceip-santildefons-cornella\/wp-json\/wp\/v2\/posts\/4065","targetHints":{"allow":["GET"]}}],"collection":[{"href":"https:\/\/agora.xtec.cat\/ceip-santildefons-cornella\/wp-json\/wp\/v2\/posts"}],"about":[{"href":"https:\/\/agora.xtec.cat\/ceip-santildefons-cornella\/wp-json\/wp\/v2\/types\/post"}],"author":[{"embeddable":true,"href":"https:\/\/agora.xtec.cat\/ceip-santildefons-cornella\/wp-json\/wp\/v2\/users\/4"}],"replies":[{"embeddable":true,"href":"https:\/\/agora.xtec.cat\/ceip-santildefons-cornella\/wp-json\/wp\/v2\/comments?post=4065"}],"version-history":[{"count":1,"href":"https:\/\/agora.xtec.cat\/ceip-santildefons-cornella\/wp-json\/wp\/v2\/posts\/4065\/revisions"}],"predecessor-version":[{"id":4066,"href":"https:\/\/agora.xtec.cat\/ceip-santildefons-cornella\/wp-json\/wp\/v2\/posts\/4065\/revisions\/4066"}],"wp:attachment":[{"href":"https:\/\/agora.xtec.cat\/ceip-santildefons-cornella\/wp-json\/wp\/v2\/media?parent=4065"}],"wp:term":[{"taxonomy":"category","embeddable":true,"href":"https:\/\/agora.xtec.cat\/ceip-santildefons-cornella\/wp-json\/wp\/v2\/categories?post=4065"},{"taxonomy":"post_tag","embeddable":true,"href":"https:\/\/agora.xtec.cat\/ceip-santildefons-cornella\/wp-json\/wp\/v2\/tags?post=4065"}],"curies":[{"name":"wp","href":"https:\/\/api.w.org\/{rel}","templated":true}]}}