{"id":4018,"date":"2020-11-12T13:33:56","date_gmt":"2020-11-12T12:33:56","guid":{"rendered":"http:\/\/agora.xtec.cat\/ceip-santildefons-cornella\/?p=4018"},"modified":"2020-11-12T13:34:30","modified_gmt":"2020-11-12T12:34:30","slug":"un-ball-molt-esgarrifos","status":"publish","type":"post","link":"https:\/\/agora.xtec.cat\/ceip-santildefons-cornella\/general\/un-ball-molt-esgarrifos\/","title":{"rendered":"Un ball molt esgarrif\u00f3s"},"content":{"rendered":"<p>Aquest curs hem preparat per a la castanyada un ball molt esgarrif\u00f3s. Totes les classes vam assajar molt, i el dia de la castanyada, tothom a la seva aula va gaudir ballant aquesta corografia tan divertida. Us animeu a veure&#8217;l? Ja veureu que els nens i nenes de l&#8217;escola ho fan d&#8217;all\u00f2 m\u00e9s b\u00e9!<\/p>\n<p><iframe loading=\"lazy\" src=\"\/\/player.vimeo.com\/video\/478430321?title=0&amp;byline=0&amp;portrait=0&amp;color=8dc7dc\" width=\"425\" height=\"350\"><\/iframe><\/p>\n","protected":false},"excerpt":{"rendered":"<p>Aquest curs hem preparat per a la castanyada un ball molt esgarrif\u00f3s. Totes les classes vam assajar molt, i el dia de la castanyada, tothom a la seva aula va gaudir ballant aquesta corografia tan divertida. Us animeu a veure&#8217;l? Ja veureu que els nens&hellip;  <a href=\"https:\/\/agora.xtec.cat\/ceip-santildefons-cornella\/general\/un-ball-molt-esgarrifos\/\" title=\"Read Un ball molt esgarrif\u00f3s\">Llegeix m\u00e9s\u00bb<\/a><\/p>\n","protected":false},"author":4,"featured_media":0,"comment_status":"open","ping_status":"closed","sticky":false,"template":"","format":"standard","meta":{"_bbp_topic_count":0,"_bbp_reply_count":0,"_bbp_total_topic_count":0,"_bbp_total_reply_count":0,"_bbp_voice_count":0,"_bbp_anonymous_reply_count":0,"_bbp_topic_count_hidden":0,"_bbp_reply_count_hidden":0,"_bbp_forum_subforum_count":0,"footnotes":""},"categories":[10,11,12,13,14,15,1,3,8,9,2,74,4,5],"tags":[106],"class_list":["post-4018","post","type-post","status-publish","format-standard","hentry","category-1r","category-2n","category-3r","category-4t","category-5e","category-6e","category-general","category-i3","category-i4","category-i5","category-infantil","category-musica","category-portada","category-primaria","tag-festes"],"post_mailing_queue_ids":[],"_links":{"self":[{"href":"https:\/\/agora.xtec.cat\/ceip-santildefons-cornella\/wp-json\/wp\/v2\/posts\/4018","targetHints":{"allow":["GET"]}}],"collection":[{"href":"https:\/\/agora.xtec.cat\/ceip-santildefons-cornella\/wp-json\/wp\/v2\/posts"}],"about":[{"href":"https:\/\/agora.xtec.cat\/ceip-santildefons-cornella\/wp-json\/wp\/v2\/types\/post"}],"author":[{"embeddable":true,"href":"https:\/\/agora.xtec.cat\/ceip-santildefons-cornella\/wp-json\/wp\/v2\/users\/4"}],"replies":[{"embeddable":true,"href":"https:\/\/agora.xtec.cat\/ceip-santildefons-cornella\/wp-json\/wp\/v2\/comments?post=4018"}],"version-history":[{"count":1,"href":"https:\/\/agora.xtec.cat\/ceip-santildefons-cornella\/wp-json\/wp\/v2\/posts\/4018\/revisions"}],"predecessor-version":[{"id":4019,"href":"https:\/\/agora.xtec.cat\/ceip-santildefons-cornella\/wp-json\/wp\/v2\/posts\/4018\/revisions\/4019"}],"wp:attachment":[{"href":"https:\/\/agora.xtec.cat\/ceip-santildefons-cornella\/wp-json\/wp\/v2\/media?parent=4018"}],"wp:term":[{"taxonomy":"category","embeddable":true,"href":"https:\/\/agora.xtec.cat\/ceip-santildefons-cornella\/wp-json\/wp\/v2\/categories?post=4018"},{"taxonomy":"post_tag","embeddable":true,"href":"https:\/\/agora.xtec.cat\/ceip-santildefons-cornella\/wp-json\/wp\/v2\/tags?post=4018"}],"curies":[{"name":"wp","href":"https:\/\/api.w.org\/{rel}","templated":true}]}}