{"id":3996,"date":"2020-10-30T11:28:51","date_gmt":"2020-10-30T10:28:51","guid":{"rendered":"http:\/\/agora.xtec.cat\/ceip-santildefons-cornella\/?p=3996"},"modified":"2020-10-30T11:39:17","modified_gmt":"2020-10-30T10:39:17","slug":"hem-decorat-lescola-per-la-castanyada","status":"publish","type":"post","link":"https:\/\/agora.xtec.cat\/ceip-santildefons-cornella\/general\/hem-decorat-lescola-per-la-castanyada\/","title":{"rendered":"Manualitats per a la Castanyada"},"content":{"rendered":"<p>Els nens i les nenes de l&#8217;Escola hem treballat molt, amb l&#8217;ajuda de les nostres fam\u00edlies, per elaborar un munt de manualitats amb motiu de la celebraci\u00f3 de la festa de la Castanyada. Malgrat que aquest curs estem vivint una situaci\u00f3 una mica complicada, volem seguir gaudint de les nostres festes i tradicions. Esperem que us agradin!!!<\/p>\n<p><iframe loading=\"lazy\" src=\"\/\/player.vimeo.com\/video\/473770854?title=0&amp;byline=0&amp;portrait=0&amp;color=8dc7dc\" width=\"425\" height=\"350\"><\/iframe><\/p>\n","protected":false},"excerpt":{"rendered":"<p>Els nens i les nenes de l&#8217;Escola hem treballat molt, amb l&#8217;ajuda de les nostres fam\u00edlies, per elaborar un munt de manualitats amb motiu de la celebraci\u00f3 de la festa de la Castanyada. Malgrat que aquest curs estem vivint una situaci\u00f3 una mica complicada, volem&hellip;  <a href=\"https:\/\/agora.xtec.cat\/ceip-santildefons-cornella\/general\/hem-decorat-lescola-per-la-castanyada\/\" title=\"Read Manualitats per a la Castanyada\">Llegeix m\u00e9s\u00bb<\/a><\/p>\n","protected":false},"author":4,"featured_media":0,"comment_status":"open","ping_status":"closed","sticky":false,"template":"","format":"standard","meta":{"_bbp_topic_count":0,"_bbp_reply_count":0,"_bbp_total_topic_count":0,"_bbp_total_reply_count":0,"_bbp_voice_count":0,"_bbp_anonymous_reply_count":0,"_bbp_topic_count_hidden":0,"_bbp_reply_count_hidden":0,"_bbp_forum_subforum_count":0,"footnotes":""},"categories":[10,11,12,13,14,15,1,3,8,9,2,4,5],"tags":[77,106],"class_list":["post-3996","post","type-post","status-publish","format-standard","hentry","category-1r","category-2n","category-3r","category-4t","category-5e","category-6e","category-general","category-i3","category-i4","category-i5","category-infantil","category-portada","category-primaria","tag-castanyada","tag-festes"],"post_mailing_queue_ids":[],"_links":{"self":[{"href":"https:\/\/agora.xtec.cat\/ceip-santildefons-cornella\/wp-json\/wp\/v2\/posts\/3996","targetHints":{"allow":["GET"]}}],"collection":[{"href":"https:\/\/agora.xtec.cat\/ceip-santildefons-cornella\/wp-json\/wp\/v2\/posts"}],"about":[{"href":"https:\/\/agora.xtec.cat\/ceip-santildefons-cornella\/wp-json\/wp\/v2\/types\/post"}],"author":[{"embeddable":true,"href":"https:\/\/agora.xtec.cat\/ceip-santildefons-cornella\/wp-json\/wp\/v2\/users\/4"}],"replies":[{"embeddable":true,"href":"https:\/\/agora.xtec.cat\/ceip-santildefons-cornella\/wp-json\/wp\/v2\/comments?post=3996"}],"version-history":[{"count":3,"href":"https:\/\/agora.xtec.cat\/ceip-santildefons-cornella\/wp-json\/wp\/v2\/posts\/3996\/revisions"}],"predecessor-version":[{"id":3999,"href":"https:\/\/agora.xtec.cat\/ceip-santildefons-cornella\/wp-json\/wp\/v2\/posts\/3996\/revisions\/3999"}],"wp:attachment":[{"href":"https:\/\/agora.xtec.cat\/ceip-santildefons-cornella\/wp-json\/wp\/v2\/media?parent=3996"}],"wp:term":[{"taxonomy":"category","embeddable":true,"href":"https:\/\/agora.xtec.cat\/ceip-santildefons-cornella\/wp-json\/wp\/v2\/categories?post=3996"},{"taxonomy":"post_tag","embeddable":true,"href":"https:\/\/agora.xtec.cat\/ceip-santildefons-cornella\/wp-json\/wp\/v2\/tags?post=3996"}],"curies":[{"name":"wp","href":"https:\/\/api.w.org\/{rel}","templated":true}]}}