{"id":3896,"date":"2020-07-02T12:19:29","date_gmt":"2020-07-02T10:19:29","guid":{"rendered":"http:\/\/agora.xtec.cat\/ceip-santildefons-cornella\/?p=3896"},"modified":"2020-07-02T13:43:49","modified_gmt":"2020-07-02T11:43:49","slug":"orla-alumnes-6e-promocio-2011-2020","status":"publish","type":"post","link":"https:\/\/agora.xtec.cat\/ceip-santildefons-cornella\/infantil\/orla-alumnes-6e-promocio-2011-2020\/","title":{"rendered":"Orla alumnes 6\u00e8 &#8211; Promoci\u00f3 2011-2020"},"content":{"rendered":"<p>Els alumnes de 6\u00e8, juntament amb les seves mestres, han creat un avatar per poder fer l\u2019Orla d\u2019aquest curs. Ham quedat fant\u00e0stiques. No us preocupeu que ben aviat podrem fer la foto de grup i una super festa per acomiadar-vos!<br \/>\nAra gaudiu de l\u2019estiu i les vacances i esperem que us vagi molt b\u00e9 en la nova etapa que comen\u00e7areu al setembre.<\/p>\n<div id=\"12115\" style=\"width:100%;max-width:800px;height:600px;display:none;\">\n<img decoding=\"async\" src=\"https:\/\/lh3.googleusercontent.com\/BxkxqqHU0R-Tn7kaQk57bFytVydHG139iHsFXPV-xvt_gSugcEANI-R90QsFQU44xw6gHQf5GMeDlFdXThAsg9ShYpx_aZ9kw54y5Ad9Frdj6_TtA0AlcVPU-DpsCnQf23R2SJJJXnB0h0esXRmmZdVk2k0ChjrBXxLQtBNO8s4gJDYF4tGlANRPEgiD8DNL-cJ4C5JmjPAvbakkY-8UR6KOGY6ntlBGeZbVspC9MvByjORSymfnggiw2AAHJOIoHKqkDRqfI14v36WmiqIAafiNo_7M64W3Bulo5UX5-doPbUhFD9JCWIbMbvFm869tirE7zzeP2t_W1Fc-SnB5lJUBm4aUo-3KX6r_ffn-ru2TB1VhSHIUFos-Rt77HAbfJjDLy0rAqgMzbm_ceb51hqEfxEJXxYk6mLwc_cZCUxeU6-uxJ63Bg2l0TkiY2uAd1IjYXBUGamM4ZXEjXAUFRtWSgOL0odF8KPqmuFsIFODtVAtXznxt57BP5FJ8Hhm8OYo3sPLYyDI32JktePG0ifew9EGqaUoIbqH5XN4KvWBgOsVHMrwWvLAh89iUhnLj4qJtif7FGDcKd7KPdEBZfNZq741mWLiatEHTAAaPS64xWNHX05XtXi1nZCDmZ5j26fca_CMynsD6IoaU5Asmxu4GjVGWsJPjS8YpyPur1WqWc3sOIa4h5dCsS7KY=w591-h418-no?authuser=0\" data-link=\"https:\/\/photos.google.com\/album\/AF1QipMeQyt-A9kzZGo98O0m9h2caj4qMWh8SU3Ob1ck\/photo\/AF1QipMmpXpxBblLvxwuYRX6dov22q2saIkddOiNPBM3\"><br \/>\n<img decoding=\"async\" src=\"https:\/\/lh3.googleusercontent.com\/jAATSHGHRlGBm445huV3qzXP7EdAm_c1dXDzVcDYRIxnmsD6PO6y7HQUWJyNPbucmCF07G0YfswWjmUnqmbm_xHBmjFFVPsKFiiHIB9XLjT4DJubzYbKbLQmx3cNZat1dZaw-s0o9UCKGH2ss7wYmX2Qi3tlpUATKo7U2wrhTx9Z_AemA19kfYv8Dk9Gx768sYNDfHTDJFDwLOfH5x_QBatumaoyBI_l7n-0C8rTTDK7MtaJqLu71oG5g0pa4Zv6pZKNKF3d6N5zkzvu75Fxy425la1oM8941pW_EQNeLRUgggF7matphf1JYi33cehpVz2TQBOIcT5EDZtYZMBblT4kpRDG0yLG51yHPOKXuBERqdYttI-FFX7DHxUaIH5vOpERK1dCrJ-pRtLG-Qd7yMHNh9kUtrtBpTdsqFUGh0fYyyWC25mFObq_4Teyzq5oNQIIbL_pw9XOfLgcBT2_huk3TgG915IcFFPvoc2JZBymhJx_Qqy2OPHEg82AoByBUJUPXWcO4ndJYpqTYLZBV5XtydZvRs5V0XK5Thk3H0UrPVBF3a03J76x30fVSJa0rCBMZDK-hzvTr89bfYKoNdOkvQ7O_L6uvolwr8J5tp0Powrl6sg_VtZ9PD8MckHbl71dnxskFWQ9qMGCkCIfafhw0iNkInKQQklrzztXHVC901lj9xwzemmJbd80=w845-h418-no?authuser=0\" data-link=\"https:\/\/photos.google.com\/album\/AF1QipMeQyt-A9kzZGo98O0m9h2caj4qMWh8SU3Ob1ck\/photo\/AF1QipNZX6CvgIMM8RCJhaX1mBkIBYSHM7sZTkSBtIiU\">\n<\/div>\n<p><script type=\"text\/javascript\" src=\"https:\/\/cdn.jsdelivr.net\/npm\/jquery@3.4.1\/dist\/jquery.min.js\"><\/script><br \/>\n<script>\n  (MyGalleries=(typeof MyGalleries === 'undefined' ? [] : MyGalleries)).push({gallId:'#12115',autoplay:true,lightbox:true,debug:false,popupLinks:true});\n  if(typeof GalleryLoaded === 'undefined'){\n    GalleryLoaded = jQuery(function(){\n      jQuery.ajax({url:'https:\/\/cdn.jsdelivr.net\/npm\/galleria@1.5.7\/dist\/galleria.min.js',dataType:'script',cache:true}).done(function(){\n        Galleria.loadTheme('https:\/\/cdn.jsdelivr.net\/npm\/galleria@1.5.7\/dist\/themes\/classic\/galleria.classic.js');\n        for(var n in MyGalleries){\n          Galleria.run(MyGalleries[n].gallId, MyGalleries[n]);\n          jQuery(MyGalleries[n].gallId).css('display','block');\n        }\n      });\n    });\n  }\n<\/script><\/p>\n","protected":false},"excerpt":{"rendered":"<p>Els alumnes de 6\u00e8, juntament amb les seves mestres, han creat un avatar per poder fer l\u2019Orla d\u2019aquest curs. Ham quedat fant\u00e0stiques. No us preocupeu que ben aviat podrem fer la foto de grup i una super festa per acomiadar-vos!<br \/>\nAra gaudiu de l\u2019estiu i les&hellip;  <a href=\"https:\/\/agora.xtec.cat\/ceip-santildefons-cornella\/infantil\/orla-alumnes-6e-promocio-2011-2020\/\" title=\"Read Orla alumnes 6\u00e8 &#8211; Promoci\u00f3 2011-2020\">Llegeix m\u00e9s\u00bb<\/a><\/p>\n","protected":false},"author":32,"featured_media":3898,"comment_status":"open","ping_status":"closed","sticky":false,"template":"","format":"standard","meta":{"_bbp_topic_count":0,"_bbp_reply_count":0,"_bbp_total_topic_count":0,"_bbp_total_reply_count":0,"_bbp_voice_count":0,"_bbp_anonymous_reply_count":0,"_bbp_topic_count_hidden":0,"_bbp_reply_count_hidden":0,"_bbp_forum_subforum_count":0,"footnotes":""},"categories":[15,2,4,5],"tags":[],"class_list":["post-3896","post","type-post","status-publish","format-standard","has-post-thumbnail","hentry","category-6e","category-infantil","category-portada","category-primaria"],"post_mailing_queue_ids":[],"_links":{"self":[{"href":"https:\/\/agora.xtec.cat\/ceip-santildefons-cornella\/wp-json\/wp\/v2\/posts\/3896","targetHints":{"allow":["GET"]}}],"collection":[{"href":"https:\/\/agora.xtec.cat\/ceip-santildefons-cornella\/wp-json\/wp\/v2\/posts"}],"about":[{"href":"https:\/\/agora.xtec.cat\/ceip-santildefons-cornella\/wp-json\/wp\/v2\/types\/post"}],"author":[{"embeddable":true,"href":"https:\/\/agora.xtec.cat\/ceip-santildefons-cornella\/wp-json\/wp\/v2\/users\/32"}],"replies":[{"embeddable":true,"href":"https:\/\/agora.xtec.cat\/ceip-santildefons-cornella\/wp-json\/wp\/v2\/comments?post=3896"}],"version-history":[{"count":2,"href":"https:\/\/agora.xtec.cat\/ceip-santildefons-cornella\/wp-json\/wp\/v2\/posts\/3896\/revisions"}],"predecessor-version":[{"id":3902,"href":"https:\/\/agora.xtec.cat\/ceip-santildefons-cornella\/wp-json\/wp\/v2\/posts\/3896\/revisions\/3902"}],"wp:featuredmedia":[{"embeddable":true,"href":"https:\/\/agora.xtec.cat\/ceip-santildefons-cornella\/wp-json\/wp\/v2\/media\/3898"}],"wp:attachment":[{"href":"https:\/\/agora.xtec.cat\/ceip-santildefons-cornella\/wp-json\/wp\/v2\/media?parent=3896"}],"wp:term":[{"taxonomy":"category","embeddable":true,"href":"https:\/\/agora.xtec.cat\/ceip-santildefons-cornella\/wp-json\/wp\/v2\/categories?post=3896"},{"taxonomy":"post_tag","embeddable":true,"href":"https:\/\/agora.xtec.cat\/ceip-santildefons-cornella\/wp-json\/wp\/v2\/tags?post=3896"}],"curies":[{"name":"wp","href":"https:\/\/api.w.org\/{rel}","templated":true}]}}