{"id":3892,"date":"2020-07-02T11:46:54","date_gmt":"2020-07-02T09:46:54","guid":{"rendered":"http:\/\/agora.xtec.cat\/ceip-santildefons-cornella\/?p=3892"},"modified":"2020-07-02T13:29:59","modified_gmt":"2020-07-02T11:29:59","slug":"solucio-al-enigma-qui-es-qui-de-3r-i-4t","status":"publish","type":"post","link":"https:\/\/agora.xtec.cat\/ceip-santildefons-cornella\/general\/solucio-al-enigma-qui-es-qui-de-3r-i-4t\/","title":{"rendered":"Soluci\u00f3 de l&#8217;enigma qui \u00e9s qui de 3r i 4t"},"content":{"rendered":"<p>Bon dia! Aqu\u00ed teniu la soluci\u00f3 a l&#8217;enigma de les fotos de les mestres de 3r i 4t quan eren petites! Heu encertat?<\/p>\n<p>1 Laura S<\/p>\n<p>2 Montse R<\/p>\n<p>3 Lidia<\/p>\n<p>4 Jos\u00e9<\/p>\n<p>5 Beni<\/p>\n<p>6 Merc\u00e8 H<\/p>\n<p>7 Anna<\/p>\n<p>8 Yolanda<\/p>\n<p><a href=\"https:\/\/agora.xtec.cat\/ceip-santildefons-cornella\/wp-content\/uploads\/usu544\/2020\/06\/Fotos-mestres-CM.jpeg\"><img loading=\"lazy\" decoding=\"async\" class=\"alignnone size-large wp-image-3758\" src=\"https:\/\/agora.xtec.cat\/ceip-santildefons-cornella\/wp-content\/uploads\/usu544\/2020\/06\/Fotos-mestres-CM-1024x1024.jpeg\" alt=\"\" width=\"1024\" height=\"1024\" srcset=\"https:\/\/agora.xtec.cat\/ceip-santildefons-cornella\/wp-content\/uploads\/usu544\/2020\/06\/Fotos-mestres-CM-1024x1024.jpeg 1024w, https:\/\/agora.xtec.cat\/ceip-santildefons-cornella\/wp-content\/uploads\/usu544\/2020\/06\/Fotos-mestres-CM-150x150.jpeg 150w, https:\/\/agora.xtec.cat\/ceip-santildefons-cornella\/wp-content\/uploads\/usu544\/2020\/06\/Fotos-mestres-CM-300x300.jpeg 300w, https:\/\/agora.xtec.cat\/ceip-santildefons-cornella\/wp-content\/uploads\/usu544\/2020\/06\/Fotos-mestres-CM-768x768.jpeg 768w, https:\/\/agora.xtec.cat\/ceip-santildefons-cornella\/wp-content\/uploads\/usu544\/2020\/06\/Fotos-mestres-CM.jpeg 1564w\" sizes=\"auto, (max-width: 1024px) 100vw, 1024px\" \/><\/a><\/p>\n","protected":false},"excerpt":{"rendered":"<p>Bon dia! Aqu\u00ed teniu la soluci\u00f3 a l&#8217;enigma de les fotos de les mestres de 3r i 4t quan eren petites! Heu encertat?<br \/>\n1 Laura S<br \/>\n2 Montse R<br \/>\n3 Lidia<br \/>\n4 Jos\u00e9<br \/>\n5 Beni<br \/>\n6 Merc\u00e8 H<br \/>\n7 Anna<br \/>\n8 Yolanda<br \/>\n<a href=\"https:\/\/agora.xtec.cat\/ceip-santildefons-cornella\/wp-content\/uploads\/usu544\/2020\/06\/Fotos-mestres-CM.jpeg\"><\/a><\/p>\n","protected":false},"author":4,"featured_media":3758,"comment_status":"open","ping_status":"closed","sticky":false,"template":"","format":"standard","meta":{"_bbp_topic_count":0,"_bbp_reply_count":0,"_bbp_total_topic_count":0,"_bbp_total_reply_count":0,"_bbp_voice_count":0,"_bbp_anonymous_reply_count":0,"_bbp_topic_count_hidden":0,"_bbp_reply_count_hidden":0,"_bbp_forum_subforum_count":0,"footnotes":""},"categories":[12,13,1,4,5],"tags":[],"class_list":["post-3892","post","type-post","status-publish","format-standard","has-post-thumbnail","hentry","category-3r","category-4t","category-general","category-portada","category-primaria"],"post_mailing_queue_ids":[],"_links":{"self":[{"href":"https:\/\/agora.xtec.cat\/ceip-santildefons-cornella\/wp-json\/wp\/v2\/posts\/3892","targetHints":{"allow":["GET"]}}],"collection":[{"href":"https:\/\/agora.xtec.cat\/ceip-santildefons-cornella\/wp-json\/wp\/v2\/posts"}],"about":[{"href":"https:\/\/agora.xtec.cat\/ceip-santildefons-cornella\/wp-json\/wp\/v2\/types\/post"}],"author":[{"embeddable":true,"href":"https:\/\/agora.xtec.cat\/ceip-santildefons-cornella\/wp-json\/wp\/v2\/users\/4"}],"replies":[{"embeddable":true,"href":"https:\/\/agora.xtec.cat\/ceip-santildefons-cornella\/wp-json\/wp\/v2\/comments?post=3892"}],"version-history":[{"count":3,"href":"https:\/\/agora.xtec.cat\/ceip-santildefons-cornella\/wp-json\/wp\/v2\/posts\/3892\/revisions"}],"predecessor-version":[{"id":3900,"href":"https:\/\/agora.xtec.cat\/ceip-santildefons-cornella\/wp-json\/wp\/v2\/posts\/3892\/revisions\/3900"}],"wp:featuredmedia":[{"embeddable":true,"href":"https:\/\/agora.xtec.cat\/ceip-santildefons-cornella\/wp-json\/wp\/v2\/media\/3758"}],"wp:attachment":[{"href":"https:\/\/agora.xtec.cat\/ceip-santildefons-cornella\/wp-json\/wp\/v2\/media?parent=3892"}],"wp:term":[{"taxonomy":"category","embeddable":true,"href":"https:\/\/agora.xtec.cat\/ceip-santildefons-cornella\/wp-json\/wp\/v2\/categories?post=3892"},{"taxonomy":"post_tag","embeddable":true,"href":"https:\/\/agora.xtec.cat\/ceip-santildefons-cornella\/wp-json\/wp\/v2\/tags?post=3892"}],"curies":[{"name":"wp","href":"https:\/\/api.w.org\/{rel}","templated":true}]}}