{"id":3770,"date":"2020-06-18T17:14:11","date_gmt":"2020-06-18T15:14:11","guid":{"rendered":"http:\/\/agora.xtec.cat\/ceip-santildefons-cornella\/?p=3770"},"modified":"2020-06-18T17:20:35","modified_gmt":"2020-06-18T15:20:35","slug":"danca-final-de-curs-una-lluna-daigua","status":"publish","type":"post","link":"https:\/\/agora.xtec.cat\/ceip-santildefons-cornella\/infantil\/danca-final-de-curs-una-lluna-daigua\/","title":{"rendered":"DANSA FINAL DE CURS: Una lluna d&#8217;aigua"},"content":{"rendered":"<p>Com b\u00e9 sabeu, cada final de curs l&#8217;acabem amb el nostre festival de\u00a0danses. Tot i que aquest any no el podem fer tots junts, les mestres de m\u00fasica us van proposar fer-ho cada\u00a0<span class=\"hiddenGrammarError\">un a<\/span> casa, per construir entre tots el ball de la can\u00e7\u00f3 de Txarango: &#8220;Una lluna d&#8217;aigua&#8221;. Aix\u00ed que aquest any acomiadem el curs amb un ball que ha estat possible gr\u00e0cies a la col\u00b7laboraci\u00f3\u00a0 de tots i totes. Volem agrair la vostra participaci\u00f3, dedicaci\u00f3 i il\u00b7lusi\u00f3, que es veuen reflectides en aquest v\u00eddeo tan especial. BON FINAL DE CURS!<\/p>\n<p><iframe loading=\"lazy\" title=\"Dansa de final de curs 19-20\" src=\"https:\/\/player.vimeo.com\/video\/430392732?dnt=1&amp;app_id=122963\" width=\"500\" height=\"281\" frameborder=\"0\" allow=\"autoplay; fullscreen; picture-in-picture; clipboard-write\"><\/iframe><\/p>\n","protected":false},"excerpt":{"rendered":"<p>Com b\u00e9 sabeu, cada final de curs l&#8217;acabem amb el nostre festival de\u00a0danses. Tot i que aquest any no el podem fer tots junts, les mestres de m\u00fasica us van proposar fer-ho cada\u00a0un a casa, per construir entre tots el ball de la can\u00e7\u00f3 de&hellip;  <a href=\"https:\/\/agora.xtec.cat\/ceip-santildefons-cornella\/infantil\/danca-final-de-curs-una-lluna-daigua\/\" title=\"Read DANSA FINAL DE CURS: Una lluna d&#8217;aigua\">Llegeix m\u00e9s\u00bb<\/a><\/p>\n","protected":false},"author":32,"featured_media":3771,"comment_status":"open","ping_status":"closed","sticky":false,"template":"","format":"standard","meta":{"_bbp_topic_count":0,"_bbp_reply_count":0,"_bbp_total_topic_count":0,"_bbp_total_reply_count":0,"_bbp_voice_count":0,"_bbp_anonymous_reply_count":0,"_bbp_topic_count_hidden":0,"_bbp_reply_count_hidden":0,"_bbp_forum_subforum_count":0,"footnotes":""},"categories":[10,11,12,13,14,15,3,8,9,2,74,4,5],"tags":[],"class_list":["post-3770","post","type-post","status-publish","format-standard","has-post-thumbnail","hentry","category-1r","category-2n","category-3r","category-4t","category-5e","category-6e","category-i3","category-i4","category-i5","category-infantil","category-musica","category-portada","category-primaria"],"post_mailing_queue_ids":[],"_links":{"self":[{"href":"https:\/\/agora.xtec.cat\/ceip-santildefons-cornella\/wp-json\/wp\/v2\/posts\/3770","targetHints":{"allow":["GET"]}}],"collection":[{"href":"https:\/\/agora.xtec.cat\/ceip-santildefons-cornella\/wp-json\/wp\/v2\/posts"}],"about":[{"href":"https:\/\/agora.xtec.cat\/ceip-santildefons-cornella\/wp-json\/wp\/v2\/types\/post"}],"author":[{"embeddable":true,"href":"https:\/\/agora.xtec.cat\/ceip-santildefons-cornella\/wp-json\/wp\/v2\/users\/32"}],"replies":[{"embeddable":true,"href":"https:\/\/agora.xtec.cat\/ceip-santildefons-cornella\/wp-json\/wp\/v2\/comments?post=3770"}],"version-history":[{"count":2,"href":"https:\/\/agora.xtec.cat\/ceip-santildefons-cornella\/wp-json\/wp\/v2\/posts\/3770\/revisions"}],"predecessor-version":[{"id":3773,"href":"https:\/\/agora.xtec.cat\/ceip-santildefons-cornella\/wp-json\/wp\/v2\/posts\/3770\/revisions\/3773"}],"wp:featuredmedia":[{"embeddable":true,"href":"https:\/\/agora.xtec.cat\/ceip-santildefons-cornella\/wp-json\/wp\/v2\/media\/3771"}],"wp:attachment":[{"href":"https:\/\/agora.xtec.cat\/ceip-santildefons-cornella\/wp-json\/wp\/v2\/media?parent=3770"}],"wp:term":[{"taxonomy":"category","embeddable":true,"href":"https:\/\/agora.xtec.cat\/ceip-santildefons-cornella\/wp-json\/wp\/v2\/categories?post=3770"},{"taxonomy":"post_tag","embeddable":true,"href":"https:\/\/agora.xtec.cat\/ceip-santildefons-cornella\/wp-json\/wp\/v2\/tags?post=3770"}],"curies":[{"name":"wp","href":"https:\/\/api.w.org\/{rel}","templated":true}]}}