{"id":3452,"date":"2020-04-09T18:48:44","date_gmt":"2020-04-09T16:48:44","guid":{"rendered":"http:\/\/agora.xtec.cat\/ceip-santildefons-cornella\/?p=3452"},"modified":"2020-04-24T18:47:29","modified_gmt":"2020-04-24T16:47:29","slug":"fes-activitat-fisica-fes-esport","status":"publish","type":"post","link":"https:\/\/agora.xtec.cat\/ceip-santildefons-cornella\/general\/fes-activitat-fisica-fes-esport\/","title":{"rendered":"Fes activitat F\u00edsica! Fes Esport!"},"content":{"rendered":"<p>Bon dia a tots!, el passat a 6 d\u2019abril va ser el Dia Mundial de l\u2019Activitat F\u00edsica.<\/p>\n<p>Els mestres de les escoles de Cornell\u00e0 \u00a0volem que vosaltres tamb\u00e9 continueu fent exercici. Per aix\u00f2 \u00a0hem realitzat un \u00a0v\u00eddeo aix\u00ed que desitgem que feu uns minuts al dia qualsevol exercici. Us animem a mantenir una bona salut f\u00edsica i mental.<\/p>\n<p><iframe loading=\"lazy\" src=\"https:\/\/player.vimeo.com\/video\/405905227\" width=\"640\" height=\"480\" frameborder=\"0\"><\/iframe><\/p>\n<p>&nbsp;<\/p>\n","protected":false},"excerpt":{"rendered":"<p>Bon dia a tots!, el passat a 6 d\u2019abril va ser el Dia Mundial de l\u2019Activitat F\u00edsica.<br \/>\nEls mestres de les escoles de Cornell\u00e0 \u00a0volem que vosaltres tamb\u00e9 continueu fent exercici. Per aix\u00f2 \u00a0hem realitzat un \u00a0v\u00eddeo aix\u00ed que desitgem que feu uns minuts al dia&hellip;  <a href=\"https:\/\/agora.xtec.cat\/ceip-santildefons-cornella\/general\/fes-activitat-fisica-fes-esport\/\" title=\"Read Fes activitat F\u00edsica! Fes Esport!\">Llegeix m\u00e9s\u00bb<\/a><\/p>\n","protected":false},"author":5,"featured_media":3455,"comment_status":"open","ping_status":"closed","sticky":false,"template":"","format":"standard","meta":{"_bbp_topic_count":0,"_bbp_reply_count":0,"_bbp_total_topic_count":0,"_bbp_total_reply_count":0,"_bbp_voice_count":0,"_bbp_anonymous_reply_count":0,"_bbp_topic_count_hidden":0,"_bbp_reply_count_hidden":0,"_bbp_forum_subforum_count":0,"footnotes":""},"categories":[76,1,4],"tags":[],"class_list":["post-3452","post","type-post","status-publish","format-standard","has-post-thumbnail","hentry","category-educacio-fisica","category-general","category-portada"],"post_mailing_queue_ids":[],"_links":{"self":[{"href":"https:\/\/agora.xtec.cat\/ceip-santildefons-cornella\/wp-json\/wp\/v2\/posts\/3452","targetHints":{"allow":["GET"]}}],"collection":[{"href":"https:\/\/agora.xtec.cat\/ceip-santildefons-cornella\/wp-json\/wp\/v2\/posts"}],"about":[{"href":"https:\/\/agora.xtec.cat\/ceip-santildefons-cornella\/wp-json\/wp\/v2\/types\/post"}],"author":[{"embeddable":true,"href":"https:\/\/agora.xtec.cat\/ceip-santildefons-cornella\/wp-json\/wp\/v2\/users\/5"}],"replies":[{"embeddable":true,"href":"https:\/\/agora.xtec.cat\/ceip-santildefons-cornella\/wp-json\/wp\/v2\/comments?post=3452"}],"version-history":[{"count":2,"href":"https:\/\/agora.xtec.cat\/ceip-santildefons-cornella\/wp-json\/wp\/v2\/posts\/3452\/revisions"}],"predecessor-version":[{"id":3454,"href":"https:\/\/agora.xtec.cat\/ceip-santildefons-cornella\/wp-json\/wp\/v2\/posts\/3452\/revisions\/3454"}],"wp:featuredmedia":[{"embeddable":true,"href":"https:\/\/agora.xtec.cat\/ceip-santildefons-cornella\/wp-json\/wp\/v2\/media\/3455"}],"wp:attachment":[{"href":"https:\/\/agora.xtec.cat\/ceip-santildefons-cornella\/wp-json\/wp\/v2\/media?parent=3452"}],"wp:term":[{"taxonomy":"category","embeddable":true,"href":"https:\/\/agora.xtec.cat\/ceip-santildefons-cornella\/wp-json\/wp\/v2\/categories?post=3452"},{"taxonomy":"post_tag","embeddable":true,"href":"https:\/\/agora.xtec.cat\/ceip-santildefons-cornella\/wp-json\/wp\/v2\/tags?post=3452"}],"curies":[{"name":"wp","href":"https:\/\/api.w.org\/{rel}","templated":true}]}}