{"id":3201,"date":"2019-11-13T13:07:56","date_gmt":"2019-11-13T12:07:56","guid":{"rendered":"http:\/\/agora.xtec.cat\/ceip-santildefons-cornella\/?p=3201"},"modified":"2019-11-13T13:09:14","modified_gmt":"2019-11-13T12:09:14","slug":"musica-a-laula","status":"publish","type":"post","link":"https:\/\/agora.xtec.cat\/ceip-santildefons-cornella\/general\/musica-a-laula\/","title":{"rendered":"M\u00fasica a L&#8217;aula"},"content":{"rendered":"<p>Aquest dilluns 11 de novembre, els\u00a0 nens i nenes de 3r hem assistit a un taller\/audici\u00f3 sobre el fagot. Un instrument de la fam\u00edlia del vent-fusta. Hem apr\u00e9s el proc\u00e9s de construcci\u00f3 i l\u2019hem escoltat molt atentament. T\u00e9 un so molt greu!<\/p>\n<div id=\"16EA5\" style=\"width: 100%; max-width: 800px; height: 600px; display: none;\"><img decoding=\"async\" src=\"https:\/\/lh3.googleusercontent.com\/kyz4y7Y0J1HpLhh0EISOABjdPmDDg71qWMfm-33QWjHcsJ1d5c-4P1-CqmaUMth_J2H8_jywX0wPX_fQmiQZt39mQWFan2OecjdXOuo8QcWwmQOw2DPwNGBw2bzuIcVoWCSn0dW2SNAUmTZJSKrjuWGVYM2yOa1P1cyGVD0Iys5C_Dg7erQ6ZiTvn4tT2mNSrQ0psxvogxg3lYpMa-0mw0jig2nuHi-JVn_z8qN52YcvI6wpq8DFAOtroK-645ThPOarZgx6eF2OYbzyf_B8tUeSUaGVLKR_DQwpUVT2zmfYbocvD2UQKgDIkKtK2Wr9STw_srCcsVNfWtUAJTzpyOJlbLVgQqFptx_jVV3asnUCgXZgINI_mZKXXNZm6B5Sg92suCwrj4fIIPlJXCjS4hob5VvAqKvAPMn2Q70BIWKuhJ3doYxALYH4hS0oxOFSP5Mw88ew88OOsBNHzLj-ath6gAwzFHp1rcAdxQifgcmT_AayqPYdzv3mGE7W4YjfPuzvwV7xBWvl7mjecuR3D2EQEy_vY5Ka0R7ytZrTj5XGF8NUYba7JGSf0AOBn6pX3RIaVhHjfREzW-Q1-z702FDuoEySBL2XZCaVCvDmaLWi98E5SSCKJlpCn0WqHfVLqFvJ1hHWc5BpNM_IRUzX-a8-VFSN2r9P6fIPps0fhcB4-Jl3vuJmizCvY_yNRiIS17kF3wbrIRMOyAKYDiaKqIHqWaWH94XawwTND77XV1FAK-k=w800-h600-no\" data-link=\"https:\/\/photos.google.com\/share\/AF1QipPbEC8XJGZJKDx15phSY8LJN9WK2zPL2iLYz1VFG9_Tb9MBs_gPON7Mq3zn_H9h0w\/photo\/AF1QipOIl7ymuHj5cDl5GqJfJwh58YndqYBdTnO0ug4Y?key=VmJ4TUlvSVZrRXdsdlJiZHVRRWNuU0ROSkpsMjdB\" \/><br \/>\n<img decoding=\"async\" src=\"https:\/\/lh3.googleusercontent.com\/MYl98rqonpfh40U6R6F0nn_FaaE3wnn6GaSASH3WI_tGfM43NSiNCInV4kUF9vtuVivD5QcjpHyDZBr6Bo-JlOr2-4rerFsOYnRdUuc1N3vHtLFWpNI5SOp7uBdyeuRR4lHaPxK2eiCfCc2AosCyFuk1HSEFcq1fVH6X33U4H2SjBwlR-2lQqKFQeczcgv41mt2QA7iQvj6lLYxy6v1VHgltgdwqPWjns1mtFnwk4TildHV-9RDsMpXBqMRIe-qhxo2P9jht_wYQdFGzJfi5UYMn7nD_acUr-LoDTqxxGpgBWK_zsRqcQfsDXDlPIIwciN9ompvNis4n23FOv88THQ89V5Ic9ZeAeNffga00B05KcWm1-mb-x8MhA8kwGf5zJ_WxcirJ8cI2drzBjDmhqSqNJJraPh7ugViDQdbyi4IqEbUKHeoCI_9LOa_la_mwFHWlfRTDgQFyY8DPYQYEsykQAdnpIUCuD--b9QbRvjMAyKgpHMX-bnEoh3k8zahxyBx5hKKr-5ShMSmF1D1Uj5Xgr-2QqNxPxx7RFsgxcmU3HLCIzPOnUyRBV0m_oG2wX9Kai19ssXJumTAz-lRi0rjhu-4FVFHpnzEJYkLv6OhloDZGnqQM-QaujpRiH5vKE-bp7p9byhyLaqEwfaAKjGuXUxws6CKgutWTVzu3X-6w-XkkXqeFqoQcTRPB_hx1ZB4kIcL5otebSlHKdwWaLL7DnVVaBNVnxf2YzfJQz-t7EBo=w800-h600-no\" data-link=\"https:\/\/photos.google.com\/share\/AF1QipPbEC8XJGZJKDx15phSY8LJN9WK2zPL2iLYz1VFG9_Tb9MBs_gPON7Mq3zn_H9h0w\/photo\/AF1QipMfoNUhjynxor-MlLemDzIJfOh82qI5bjFDnLmY?key=VmJ4TUlvSVZrRXdsdlJiZHVRRWNuU0ROSkpsMjdB\" \/><br \/>\n<img decoding=\"async\" src=\"https:\/\/lh3.googleusercontent.com\/STb6mMrS2keeNNgEDw39mqaXtetydXPoOLc8tN9kEFSFn4kPi6mcjnPIfvQv9tfa4kItP7lc2V6Z1e7mh6faZ-JV5aWxbZiNAxZtES1YN-uFPtmEErXEva8qXYFVt_Wn6WseM0ZoTXUhfavmFUOrtGjR9MJQPkZFq9TcqXtFJH1RieI4a6pwrlxKTbNqwsIMWyVJsUzTKym0CDwkRBF_5dbJrypPEFlO0uO_EhQFGavGyDBNnTm3vfhx9Nr7Zki_WOSzzg5mOqqu8da00F1pia-8eidZ6utpgxhg7S_2g2Sgj0gs0eU5nhqSyavkssERVa8o-83AzfYKKweYAjI9SORdU_ehOJPz-LhZCDzZQDscXmMkRTixJNNq3NqNL09yFASFwHKi3q1d9Zb8KW1gfyQPKB7b70v7WeRdile08lUo_innbfpzMOb3hdqbIgZDcNu981JnZP9-eR_FTvUix5R3b4t_Hj533zVHhrr7Q6ZgCXMfnWGPHa7fp9IB_WSj_jgf9yShPNsLlXjpkfa780VCpq9Y4GoN7sZHVERtqDQkMUWj5SmskFurviMHIvHtIe0QlsXY34l_55vxxaSUCBGy9l9Ek37-Vj0xDISwUY3LyqDKbgzGIw48kgydr1xImLVyR8KYH36FvsssYuL7BQXC8ers4_QzNXNXeSGySTVzjQkWnBOqfevZ7Tb-qnd8Z7Xy_yYuplp-djEcLTekrzNrsfrBAKZubbDqI2fwwk_S57w=w800-h600-no\" data-link=\"https:\/\/photos.google.com\/share\/AF1QipPbEC8XJGZJKDx15phSY8LJN9WK2zPL2iLYz1VFG9_Tb9MBs_gPON7Mq3zn_H9h0w\/photo\/AF1QipOuomE1Z2teDPuibwyL2aY8e40QaLCWp_kCxyJv?key=VmJ4TUlvSVZrRXdsdlJiZHVRRWNuU0ROSkpsMjdB\" \/><\/div>\n<p><script type=\"text\/javascript\" src=\"https:\/\/cdn.jsdelivr.net\/npm\/jquery@3.4.1\/dist\/jquery.min.js\"><\/script><br \/>\n<script>\n  (MyGalleries=(typeof MyGalleries === 'undefined' ? [] : MyGalleries)).push({gallId:'#16EA5',autoplay:true,lightbox:true,debug:false,popupLinks:true});\n  if(typeof GalleryLoaded === 'undefined'){\n    GalleryLoaded = jQuery(function(){\n      jQuery.ajax({url:'https:\/\/cdn.jsdelivr.net\/npm\/galleria@1.5.7\/dist\/galleria.min.js',dataType:'script',cache:true}).done(function(){\n        Galleria.loadTheme('https:\/\/cdn.jsdelivr.net\/npm\/galleria@1.5.7\/dist\/themes\/classic\/galleria.classic.js');\n        for(var n in MyGalleries){\n          Galleria.run(MyGalleries[n].gallId, MyGalleries[n]);\n          jQuery(MyGalleries[n].gallId).css('display','block');\n        }\n      });\n    });\n  }\n<\/script><\/p>\n","protected":false},"excerpt":{"rendered":"<p>Aquest dilluns 11 de novembre, els\u00a0 nens i nenes de 3r hem assistit a un taller\/audici\u00f3 sobre el fagot. Un instrument de la fam\u00edlia del vent-fusta. Hem apr\u00e9s el proc\u00e9s de construcci\u00f3 i l\u2019hem escoltat molt atentament. T\u00e9 un so molt greu!<\/p>\n","protected":false},"author":5,"featured_media":3202,"comment_status":"open","ping_status":"closed","sticky":false,"template":"","format":"standard","meta":{"_bbp_topic_count":0,"_bbp_reply_count":0,"_bbp_total_topic_count":0,"_bbp_total_reply_count":0,"_bbp_voice_count":0,"_bbp_anonymous_reply_count":0,"_bbp_topic_count_hidden":0,"_bbp_reply_count_hidden":0,"_bbp_forum_subforum_count":0,"footnotes":""},"categories":[12,1,74,4],"tags":[185],"class_list":["post-3201","post","type-post","status-publish","format-standard","has-post-thumbnail","hentry","category-3r","category-general","category-musica","category-portada","tag-musica-a-laula"],"post_mailing_queue_ids":[],"_links":{"self":[{"href":"https:\/\/agora.xtec.cat\/ceip-santildefons-cornella\/wp-json\/wp\/v2\/posts\/3201","targetHints":{"allow":["GET"]}}],"collection":[{"href":"https:\/\/agora.xtec.cat\/ceip-santildefons-cornella\/wp-json\/wp\/v2\/posts"}],"about":[{"href":"https:\/\/agora.xtec.cat\/ceip-santildefons-cornella\/wp-json\/wp\/v2\/types\/post"}],"author":[{"embeddable":true,"href":"https:\/\/agora.xtec.cat\/ceip-santildefons-cornella\/wp-json\/wp\/v2\/users\/5"}],"replies":[{"embeddable":true,"href":"https:\/\/agora.xtec.cat\/ceip-santildefons-cornella\/wp-json\/wp\/v2\/comments?post=3201"}],"version-history":[{"count":1,"href":"https:\/\/agora.xtec.cat\/ceip-santildefons-cornella\/wp-json\/wp\/v2\/posts\/3201\/revisions"}],"predecessor-version":[{"id":3203,"href":"https:\/\/agora.xtec.cat\/ceip-santildefons-cornella\/wp-json\/wp\/v2\/posts\/3201\/revisions\/3203"}],"wp:featuredmedia":[{"embeddable":true,"href":"https:\/\/agora.xtec.cat\/ceip-santildefons-cornella\/wp-json\/wp\/v2\/media\/3202"}],"wp:attachment":[{"href":"https:\/\/agora.xtec.cat\/ceip-santildefons-cornella\/wp-json\/wp\/v2\/media?parent=3201"}],"wp:term":[{"taxonomy":"category","embeddable":true,"href":"https:\/\/agora.xtec.cat\/ceip-santildefons-cornella\/wp-json\/wp\/v2\/categories?post=3201"},{"taxonomy":"post_tag","embeddable":true,"href":"https:\/\/agora.xtec.cat\/ceip-santildefons-cornella\/wp-json\/wp\/v2\/tags?post=3201"}],"curies":[{"name":"wp","href":"https:\/\/api.w.org\/{rel}","templated":true}]}}