{"id":3134,"date":"2019-10-29T15:23:42","date_gmt":"2019-10-29T14:23:42","guid":{"rendered":"http:\/\/agora.xtec.cat\/ceip-santildefons-cornella\/?p=3134"},"modified":"2019-10-29T15:23:42","modified_gmt":"2019-10-29T14:23:42","slug":"el-sindicat-ccoo-ens-fa-una-donacio-de-material-escolar","status":"publish","type":"post","link":"https:\/\/agora.xtec.cat\/ceip-santildefons-cornella\/general\/el-sindicat-ccoo-ens-fa-una-donacio-de-material-escolar\/","title":{"rendered":"El sindicat CCOO ens fa una donaci\u00f3 de material escolar"},"content":{"rendered":"<p>La Xarxa Acci\u00f3 Solidaria (XAS), impulsada per CCOO del Baix Llobregat-Alt Pened\u00e8s-Anoia i Garraf ha tancat la 7a campanya de recollida de material escolar a centres educatius de la comarca amb m\u00e9s de 360 kilos.<br \/>\nEl material recollit va des de llapis de colors, bol\u00edgrafs, llibretes i s\u2019ha repartit aquesta setmana als centres Sant Ildefons i Neus Catal\u00e0 de Cornell\u00e0, Escola Salamero de Gav\u00e0 i Escola Sant Josep de Sant Vicen\u00e7 dels Horts.<br \/>\nSegons Saida Ehlilluch, secret\u00e0ria de Socioecon\u00f2mia i Aliances Socials de CCOO: \u201cNo volem substituir la funci\u00f3 dels poders p\u00fablics, per\u00f2 a la comarca hi ha moltes necessitats no cobertes que iniciatives com aquesta ajuden. D\u2019altra banda, estem molt satisfetes per la implicaci\u00f3 de moltes seccions sindicals com Cofidis, Dronas 2002 i moltes persones afiliades que a t\u00edtol individual han volgut sumar-se en aquesta campanya solid\u00e0ria\u201d.<\/p>\n<p>Volem agrair al sindicat CCOO i a la Xarxa d&#8217;Acci\u00f3 Solidaria aquesta donaci\u00f3 que ens ajuda a millorar els recursos que podem oferir a tot el nostre alumnat.<\/p>\n<p><a href=\"https:\/\/agora.xtec.cat\/ceip-santildefons-cornella\/wp-content\/uploads\/usu544\/2019\/10\/foto-material.jpg\"><img loading=\"lazy\" decoding=\"async\" class=\"alignnone size-large wp-image-3135\" src=\"https:\/\/agora.xtec.cat\/ceip-santildefons-cornella\/wp-content\/uploads\/usu544\/2019\/10\/foto-material-1024x768.jpg\" alt=\"\" width=\"1024\" height=\"768\" srcset=\"https:\/\/agora.xtec.cat\/ceip-santildefons-cornella\/wp-content\/uploads\/usu544\/2019\/10\/foto-material-1024x768.jpg 1024w, https:\/\/agora.xtec.cat\/ceip-santildefons-cornella\/wp-content\/uploads\/usu544\/2019\/10\/foto-material-300x225.jpg 300w, https:\/\/agora.xtec.cat\/ceip-santildefons-cornella\/wp-content\/uploads\/usu544\/2019\/10\/foto-material-768x576.jpg 768w, https:\/\/agora.xtec.cat\/ceip-santildefons-cornella\/wp-content\/uploads\/usu544\/2019\/10\/foto-material-200x150.jpg 200w, https:\/\/agora.xtec.cat\/ceip-santildefons-cornella\/wp-content\/uploads\/usu544\/2019\/10\/foto-material.jpg 1600w\" sizes=\"auto, (max-width: 1024px) 100vw, 1024px\" \/><\/a><\/p>\n","protected":false},"excerpt":{"rendered":"<p>La Xarxa Acci\u00f3 Solidaria (XAS), impulsada per CCOO del Baix Llobregat-Alt Pened\u00e8s-Anoia i Garraf ha tancat la 7a campanya de recollida de material escolar a centres educatius de la comarca amb m\u00e9s de 360 kilos.<br \/>\nEl material recollit va des de llapis de colors, bol\u00edgrafs, llibretes&hellip;  <a href=\"https:\/\/agora.xtec.cat\/ceip-santildefons-cornella\/general\/el-sindicat-ccoo-ens-fa-una-donacio-de-material-escolar\/\" title=\"Read El sindicat CCOO ens fa una donaci\u00f3 de material escolar\">Llegeix m\u00e9s\u00bb<\/a><\/p>\n","protected":false},"author":4,"featured_media":3135,"comment_status":"open","ping_status":"closed","sticky":false,"template":"","format":"standard","meta":{"_bbp_topic_count":0,"_bbp_reply_count":0,"_bbp_total_topic_count":0,"_bbp_total_reply_count":0,"_bbp_voice_count":0,"_bbp_anonymous_reply_count":0,"_bbp_topic_count_hidden":0,"_bbp_reply_count_hidden":0,"_bbp_forum_subforum_count":0,"footnotes":""},"categories":[10,11,12,13,14,15,1,3,8,9,2,4,5],"tags":[],"class_list":["post-3134","post","type-post","status-publish","format-standard","has-post-thumbnail","hentry","category-1r","category-2n","category-3r","category-4t","category-5e","category-6e","category-general","category-i3","category-i4","category-i5","category-infantil","category-portada","category-primaria"],"post_mailing_queue_ids":[],"_links":{"self":[{"href":"https:\/\/agora.xtec.cat\/ceip-santildefons-cornella\/wp-json\/wp\/v2\/posts\/3134","targetHints":{"allow":["GET"]}}],"collection":[{"href":"https:\/\/agora.xtec.cat\/ceip-santildefons-cornella\/wp-json\/wp\/v2\/posts"}],"about":[{"href":"https:\/\/agora.xtec.cat\/ceip-santildefons-cornella\/wp-json\/wp\/v2\/types\/post"}],"author":[{"embeddable":true,"href":"https:\/\/agora.xtec.cat\/ceip-santildefons-cornella\/wp-json\/wp\/v2\/users\/4"}],"replies":[{"embeddable":true,"href":"https:\/\/agora.xtec.cat\/ceip-santildefons-cornella\/wp-json\/wp\/v2\/comments?post=3134"}],"version-history":[{"count":1,"href":"https:\/\/agora.xtec.cat\/ceip-santildefons-cornella\/wp-json\/wp\/v2\/posts\/3134\/revisions"}],"predecessor-version":[{"id":3136,"href":"https:\/\/agora.xtec.cat\/ceip-santildefons-cornella\/wp-json\/wp\/v2\/posts\/3134\/revisions\/3136"}],"wp:featuredmedia":[{"embeddable":true,"href":"https:\/\/agora.xtec.cat\/ceip-santildefons-cornella\/wp-json\/wp\/v2\/media\/3135"}],"wp:attachment":[{"href":"https:\/\/agora.xtec.cat\/ceip-santildefons-cornella\/wp-json\/wp\/v2\/media?parent=3134"}],"wp:term":[{"taxonomy":"category","embeddable":true,"href":"https:\/\/agora.xtec.cat\/ceip-santildefons-cornella\/wp-json\/wp\/v2\/categories?post=3134"},{"taxonomy":"post_tag","embeddable":true,"href":"https:\/\/agora.xtec.cat\/ceip-santildefons-cornella\/wp-json\/wp\/v2\/tags?post=3134"}],"curies":[{"name":"wp","href":"https:\/\/api.w.org\/{rel}","templated":true}]}}