{"id":312,"date":"2016-02-01T09:40:23","date_gmt":"2016-02-01T08:40:23","guid":{"rendered":"http:\/\/agora.xtec.cat\/ceip-santildefons-cornella\/?p=312"},"modified":"2016-02-11T13:11:42","modified_gmt":"2016-02-11T12:11:42","slug":"dia-de-la-pau","status":"publish","type":"post","link":"https:\/\/agora.xtec.cat\/ceip-santildefons-cornella\/portada\/dia-de-la-pau\/","title":{"rendered":"Dia de la Pau"},"content":{"rendered":"<p>El <b>Dia Escolar de la No-viol\u00e8ncia i la Pau<\/b> (o el seu acr\u00f2nim <b>DENIP<\/b>), conegut tamb\u00e9 com a <b>Dia Mundial o Internacional de la No-viol\u00e8ncia i la Pau<\/b>, fou fundat l&#8217;any <a title=\"1964\" href=\"https:\/\/ca.wikipedia.org\/wiki\/1964\">1964<\/a> pel <a title=\"Poesia\" href=\"https:\/\/ca.wikipedia.org\/wiki\/Poesia\">poeta<\/a> i <a title=\"Mestre d'escola\" href=\"https:\/\/ca.wikipedia.org\/wiki\/Mestre_d%27escola\">educador<\/a> mallorqu\u00ed <a title=\"Lloren\u00e7 Vidal Vidal\" href=\"https:\/\/ca.wikipedia.org\/wiki\/Lloren%C3%A7_Vidal_Vidal\">Lloren\u00e7 Vidal Vidal<\/a>, i \u00e9s una iniciativa d&#8217;Educaci\u00f3 No-violenta i Pacificadora, difosa internacionalment.<\/p>\n<p>Es practica a escoles de tot el m\u00f3n, els dies <a title=\"30 de gener\" href=\"https:\/\/ca.wikipedia.org\/wiki\/30_de_gener\">30 de gener<\/a> i propers (aniversari de la mort de <a class=\"mw-redirect\" title=\"Mohandas Karamchand\" href=\"https:\/\/ca.wikipedia.org\/wiki\/Mohandas_Karamchand\">Mahatma Gandhi<\/a>). Als pa\u00efsos amb calendaris escolars propis de l&#8217;hemisferi sud, pot commemorar-se el <a title=\"30 de mar\u00e7\" href=\"https:\/\/ca.wikipedia.org\/wiki\/30_de_mar%C3%A7\">30 de mar\u00e7<\/a> i dies immediats.<\/p>\n<p>El DENIP propugna una educaci\u00f3 permanent en i per a la conc\u00f2rdia, la toler\u00e0ncia, la solidaritat, el respecte als drets humans, la no-viol\u00e8ncia i la pau. El seu missatge b\u00e0sic diu: &#8220;<a title=\"Amor\" href=\"https:\/\/ca.wikipedia.org\/wiki\/Amor\">Amor<\/a> universal, <a title=\"No-viol\u00e8ncia\" href=\"https:\/\/ca.wikipedia.org\/wiki\/No-viol%C3%A8ncia\">No-viol\u00e8ncia<\/a> i <a title=\"Pau\" href=\"https:\/\/ca.wikipedia.org\/wiki\/Pau\">Pau<\/a>. L&#8217;<a title=\"Amor\" href=\"https:\/\/ca.wikipedia.org\/wiki\/Amor\">Amor<\/a> universal \u00e9s millor que l&#8217;<a title=\"Egoisme\" href=\"https:\/\/ca.wikipedia.org\/wiki\/Egoisme\">egoisme<\/a>, la <a title=\"No-viol\u00e8ncia\" href=\"https:\/\/ca.wikipedia.org\/wiki\/No-viol%C3%A8ncia\">No-viol\u00e8ncia<\/a> \u00e9s millor que la <a title=\"Viol\u00e8ncia\" href=\"https:\/\/ca.wikipedia.org\/wiki\/Viol%C3%A8ncia\">viol\u00e8ncia<\/a> i la <a title=\"Pau\" href=\"https:\/\/ca.wikipedia.org\/wiki\/Pau\">Pau<\/a> \u00e9s millor que la <a title=\"Guerra\" href=\"https:\/\/ca.wikipedia.org\/wiki\/Guerra\">guerra<\/a>&#8220;.<\/p>\n<p>&nbsp;<\/p>\n\r\n\t<div class=\"slideshow_container slideshow_container_style-light\" style=\"height: 300px; \" data-slideshow-id=\"360\" data-style-name=\"style-light\" data-style-version=\"2.3.1\" >\r\n\r\n\t\t\t\t\t<div class=\"slideshow_loading_icon\"><\/div>\r\n\t\t\r\n\t\t<div class=\"slideshow_content\" style=\"display: none;\">\r\n\r\n\t\t\t<div class=\"slideshow_view\">\r\n\t\t\t\t<div class=\"slideshow_slide slideshow_slide_image\">\r\n\t\t\t\t\t\t\t\t\t\t\t<img src=\"https:\/\/agora.xtec.cat\/ceip-santildefons-cornella\/wp-content\/uploads\/usu544\/2016\/02\/IMG_0121_4560x2526.jpg\" alt=\"IMG_0121_4560x2526\" width=\"4560\" height=\"2526\" \/>\r\n\t\t\t\t\t\t\t\t\t\t<div class=\"slideshow_description_box slideshow_transparent\">\r\n\t\t\t\t\t\t<div class=\"slideshow_title\">IMG_0121_4560x2526<\/div>\t\t\t\t\t\t\t\t\t\t\t<\/div>\r\n\t\t\t\t<\/div>\r\n\r\n\t\t\t\t\t\t<div style=\"clear: both;\"><\/div><\/div><div class=\"slideshow_view\">\r\n\t\t\t\t<div class=\"slideshow_slide slideshow_slide_image\">\r\n\t\t\t\t\t\t\t\t\t\t\t<img src=\"https:\/\/agora.xtec.cat\/ceip-santildefons-cornella\/wp-content\/uploads\/usu544\/2016\/02\/IMG_0120_3264x2448.jpg\" alt=\"IMG_0120_3264x2448\" width=\"3264\" height=\"2448\" \/>\r\n\t\t\t\t\t\t\t\t\t\t<div class=\"slideshow_description_box slideshow_transparent\">\r\n\t\t\t\t\t\t<div class=\"slideshow_title\">IMG_0120_3264x2448<\/div>\t\t\t\t\t\t\t\t\t\t\t<\/div>\r\n\t\t\t\t<\/div>\r\n\r\n\t\t\t\t\t\t<div style=\"clear: both;\"><\/div><\/div><div class=\"slideshow_view\">\r\n\t\t\t\t<div class=\"slideshow_slide slideshow_slide_image\">\r\n\t\t\t\t\t\t\t\t\t\t\t<img src=\"https:\/\/agora.xtec.cat\/ceip-santildefons-cornella\/wp-content\/uploads\/usu544\/2016\/02\/image21.jpg\" alt=\"image2\" width=\"1224\" height=\"1632\" \/>\r\n\t\t\t\t\t\t\t\t\t\t<div class=\"slideshow_description_box slideshow_transparent\">\r\n\t\t\t\t\t\t<div class=\"slideshow_title\">image2<\/div>\t\t\t\t\t\t\t\t\t\t\t<\/div>\r\n\t\t\t\t<\/div>\r\n\r\n\t\t\t\t\t\t<div style=\"clear: both;\"><\/div><\/div><div class=\"slideshow_view\">\r\n\t\t\t\t<div class=\"slideshow_slide slideshow_slide_image\">\r\n\t\t\t\t\t\t\t\t\t\t\t<img src=\"https:\/\/agora.xtec.cat\/ceip-santildefons-cornella\/wp-content\/uploads\/usu544\/2016\/02\/image11.jpg\" alt=\"image1\" width=\"1632\" height=\"1224\" \/>\r\n\t\t\t\t\t\t\t\t\t\t<div class=\"slideshow_description_box slideshow_transparent\">\r\n\t\t\t\t\t\t<div class=\"slideshow_title\">image1<\/div>\t\t\t\t\t\t\t\t\t\t\t<\/div>\r\n\t\t\t\t<\/div>\r\n\r\n\t\t\t\t\t\t<div style=\"clear: both;\"><\/div><\/div>\r\n\t\t<\/div>\r\n\r\n\t\t<div class=\"slideshow_controlPanel slideshow_transparent\" style=\"display: none;\"><ul><li class=\"slideshow_togglePlay\" data-play-text=\"Visualitza\" data-pause-text=\"Pausa\"><\/li><\/ul><\/div>\r\n\r\n\t\t<div class=\"slideshow_button slideshow_previous slideshow_transparent\" role=\"button\" data-previous-text=\"Anterior\" style=\"display: none;\"><\/div>\r\n\t\t<div class=\"slideshow_button slideshow_next slideshow_transparent\" role=\"button\" data-next-text=\"Seg\u00fcent\" style=\"display: none;\"><\/div>\r\n\r\n\t\t<div class=\"slideshow_pagination\" style=\"display: none;\" data-go-to-text=\"V\u00e9s a la diapositiva\"><div class=\"slideshow_pagination_center\"><\/div><\/div>\r\n\r\n\t\t<!-- WordPress Slideshow Version 2.3.1 -->\r\n\r\n\t\t\t<\/div>\r\n\r\n\n<p>Les escoles de tot el m\u00f3n celebren el <i>DENIP<\/i> amb diferents actes. Els objectius del Dia Escolar de la No-viol\u00e8ncia i la Pau s\u00f3n:<\/p>\n<ul>\n<li>Sensibilitzar que la pau \u00e9s molt m\u00e9s que l&#8217;abs\u00e8ncia de guerres i baralles.<\/li>\n<li>Con\u00e8ixer i familiaritzar-se amb els conceptes d&#8217;amor universal, de no-viol\u00e8ncia i de pau positiva, aix\u00ed com amb els procediments de reivindicaci\u00f3 no-violenta dels drets humans.<\/li>\n<li>Con\u00e8ixer persones i\/o grups que lluiten per la pau i la just\u00edcia al m\u00f3n.<\/li>\n<li>Saber resoldre els conflictes de manera pac\u00edfica i dialogant, \u00e9s a dir, expressant les opinions de forma tranquil\u00b7la, clara i ordenada.<\/li>\n<li>Compartir una estona amb tots els alumnes i mestres amb la finalitat de celebrar la diada de la no-viol\u00e8ncia i la pau.<\/li>\n<\/ul>\n","protected":false},"excerpt":{"rendered":"<p>El Dia Escolar de la No-viol\u00e8ncia i la Pau (o el seu acr\u00f2nim DENIP), conegut tamb\u00e9 com a Dia Mundial o Internacional de la No-viol\u00e8ncia i la Pau, fou fundat l&#8217;any <a title=\"1964\" href=\"https:\/\/ca.wikipedia.org\/wiki\/1964\">1964<\/a> pel <a title=\"Poesia\" href=\"https:\/\/ca.wikipedia.org\/wiki\/Poesia\">poeta<\/a> i <a title=\"Mestre d'escola\" href=\"https:\/\/ca.wikipedia.org\/wiki\/Mestre_d%27escola\">educador<\/a> mallorqu\u00ed <a&hellip;  <a href=\"https:\/\/agora.xtec.cat\/ceip-santildefons-cornella\/portada\/dia-de-la-pau\/\" title=\"Read Dia de la Pau\">Llegeix m\u00e9s\u00bb<\/a><\/p>\n","protected":false},"author":5,"featured_media":0,"comment_status":"open","ping_status":"open","sticky":false,"template":"","format":"standard","meta":{"_bbp_topic_count":0,"_bbp_reply_count":0,"_bbp_total_topic_count":0,"_bbp_total_reply_count":0,"_bbp_voice_count":0,"_bbp_anonymous_reply_count":0,"_bbp_topic_count_hidden":0,"_bbp_reply_count_hidden":0,"_bbp_forum_subforum_count":0,"footnotes":""},"categories":[4],"tags":[],"class_list":["post-312","post","type-post","status-publish","format-standard","hentry","category-portada"],"post_mailing_queue_ids":[],"_links":{"self":[{"href":"https:\/\/agora.xtec.cat\/ceip-santildefons-cornella\/wp-json\/wp\/v2\/posts\/312","targetHints":{"allow":["GET"]}}],"collection":[{"href":"https:\/\/agora.xtec.cat\/ceip-santildefons-cornella\/wp-json\/wp\/v2\/posts"}],"about":[{"href":"https:\/\/agora.xtec.cat\/ceip-santildefons-cornella\/wp-json\/wp\/v2\/types\/post"}],"author":[{"embeddable":true,"href":"https:\/\/agora.xtec.cat\/ceip-santildefons-cornella\/wp-json\/wp\/v2\/users\/5"}],"replies":[{"embeddable":true,"href":"https:\/\/agora.xtec.cat\/ceip-santildefons-cornella\/wp-json\/wp\/v2\/comments?post=312"}],"version-history":[{"count":3,"href":"https:\/\/agora.xtec.cat\/ceip-santildefons-cornella\/wp-json\/wp\/v2\/posts\/312\/revisions"}],"predecessor-version":[{"id":366,"href":"https:\/\/agora.xtec.cat\/ceip-santildefons-cornella\/wp-json\/wp\/v2\/posts\/312\/revisions\/366"}],"wp:attachment":[{"href":"https:\/\/agora.xtec.cat\/ceip-santildefons-cornella\/wp-json\/wp\/v2\/media?parent=312"}],"wp:term":[{"taxonomy":"category","embeddable":true,"href":"https:\/\/agora.xtec.cat\/ceip-santildefons-cornella\/wp-json\/wp\/v2\/categories?post=312"},{"taxonomy":"post_tag","embeddable":true,"href":"https:\/\/agora.xtec.cat\/ceip-santildefons-cornella\/wp-json\/wp\/v2\/tags?post=312"}],"curies":[{"name":"wp","href":"https:\/\/api.w.org\/{rel}","templated":true}]}}