{"id":2710,"date":"2018-11-23T16:38:52","date_gmt":"2018-11-23T15:38:52","guid":{"rendered":"http:\/\/agora.xtec.cat\/ceip-santildefons-cornella\/?p=2710"},"modified":"2018-11-23T16:53:53","modified_gmt":"2018-11-23T15:53:53","slug":"els-carrecs-de-3r","status":"publish","type":"post","link":"https:\/\/agora.xtec.cat\/ceip-santildefons-cornella\/portada\/els-carrecs-de-3r\/","title":{"rendered":"Els c\u00e0rrecs de 3r"},"content":{"rendered":"<p>A les classes de 3rA i B tenim uns c\u00e0rrecs per faicilitar l&#8217;organitzaci\u00f3 de la classe. Aquests c\u00e0rrecs s\u00f3n el de delegat\/a, secretari\/a, assist\u00e8ncia, pissarra, material, biblioteca, ordre de classe, delegat verd i comod\u00ed. Cada dijous canviem de c\u00e0rracs seguint un sistema molt democr\u00e0tica. Tothom que ho disitja es presenta voluntari a ocupar-ne un.\u00a0 Mitjan\u00e7ant votacions a m\u00e0 al\u00e7ada votem per les persones que pensem que ho poden fer millor. La idea \u00e9s que tothom tingui almenys un c\u00e0rrec o m\u00e9s durant el curs.<\/p>\n<p><iframe loading=\"lazy\" src=\"\/\/www.youtube.com\/embed\/-icQ2Ys2ms4\" width=\"560\" height=\"314\"><\/iframe><\/p>\n","protected":false},"excerpt":{"rendered":"<p>A les classes de 3rA i B tenim uns c\u00e0rrecs per faicilitar l&#8217;organitzaci\u00f3 de la classe. Aquests c\u00e0rrecs s\u00f3n el de delegat\/a, secretari\/a, assist\u00e8ncia, pissarra, material, biblioteca, ordre de classe, delegat verd i comod\u00ed. Cada dijous canviem de c\u00e0rracs seguint un sistema molt democr\u00e0tica. Tothom&hellip;  <a href=\"https:\/\/agora.xtec.cat\/ceip-santildefons-cornella\/portada\/els-carrecs-de-3r\/\" title=\"Read Els c\u00e0rrecs de 3r\">Llegeix m\u00e9s\u00bb<\/a><\/p>\n","protected":false},"author":1,"featured_media":2717,"comment_status":"open","ping_status":"closed","sticky":false,"template":"","format":"standard","meta":{"_bbp_topic_count":0,"_bbp_reply_count":0,"_bbp_total_topic_count":0,"_bbp_total_reply_count":0,"_bbp_voice_count":0,"_bbp_anonymous_reply_count":0,"_bbp_topic_count_hidden":0,"_bbp_reply_count_hidden":0,"_bbp_forum_subforum_count":0,"footnotes":""},"categories":[12,4,5],"tags":[165],"class_list":["post-2710","post","type-post","status-publish","format-standard","has-post-thumbnail","hentry","category-3r","category-portada","category-primaria","tag-escola-pares"],"post_mailing_queue_ids":[],"_links":{"self":[{"href":"https:\/\/agora.xtec.cat\/ceip-santildefons-cornella\/wp-json\/wp\/v2\/posts\/2710","targetHints":{"allow":["GET"]}}],"collection":[{"href":"https:\/\/agora.xtec.cat\/ceip-santildefons-cornella\/wp-json\/wp\/v2\/posts"}],"about":[{"href":"https:\/\/agora.xtec.cat\/ceip-santildefons-cornella\/wp-json\/wp\/v2\/types\/post"}],"author":[{"embeddable":true,"href":"https:\/\/agora.xtec.cat\/ceip-santildefons-cornella\/wp-json\/wp\/v2\/users\/1"}],"replies":[{"embeddable":true,"href":"https:\/\/agora.xtec.cat\/ceip-santildefons-cornella\/wp-json\/wp\/v2\/comments?post=2710"}],"version-history":[{"count":3,"href":"https:\/\/agora.xtec.cat\/ceip-santildefons-cornella\/wp-json\/wp\/v2\/posts\/2710\/revisions"}],"predecessor-version":[{"id":2718,"href":"https:\/\/agora.xtec.cat\/ceip-santildefons-cornella\/wp-json\/wp\/v2\/posts\/2710\/revisions\/2718"}],"wp:featuredmedia":[{"embeddable":true,"href":"https:\/\/agora.xtec.cat\/ceip-santildefons-cornella\/wp-json\/wp\/v2\/media\/2717"}],"wp:attachment":[{"href":"https:\/\/agora.xtec.cat\/ceip-santildefons-cornella\/wp-json\/wp\/v2\/media?parent=2710"}],"wp:term":[{"taxonomy":"category","embeddable":true,"href":"https:\/\/agora.xtec.cat\/ceip-santildefons-cornella\/wp-json\/wp\/v2\/categories?post=2710"},{"taxonomy":"post_tag","embeddable":true,"href":"https:\/\/agora.xtec.cat\/ceip-santildefons-cornella\/wp-json\/wp\/v2\/tags?post=2710"}],"curies":[{"name":"wp","href":"https:\/\/api.w.org\/{rel}","templated":true}]}}