{"id":2670,"date":"2018-11-07T14:04:07","date_gmt":"2018-11-07T13:04:07","guid":{"rendered":"http:\/\/agora.xtec.cat\/ceip-santildefons-cornella\/?p=2670"},"modified":"2018-11-07T14:07:33","modified_gmt":"2018-11-07T13:07:33","slug":"eleccions-al-consell-escolar-el-29-de-novembre","status":"publish","type":"post","link":"https:\/\/agora.xtec.cat\/ceip-santildefons-cornella\/general\/eleccions-al-consell-escolar-el-29-de-novembre\/","title":{"rendered":"Eleccions al Consell Escolar el 29 de novembre"},"content":{"rendered":"<p><span style=\"text-decoration: underline;\">ELECCIONS AL CONSELL ESCOLAR (DIJOUS 29 DE NOVEMBRE DE 15H A 18H)<\/span><\/p>\n<p>El Consell Escolar est\u00e0 format per l&#8217;Equip Directiu, mestres i cinc representants dels pares i mares de l&#8217;escola, que s\u00f3n triats per votaci\u00f3 de tots els pares i mares del centre.<\/p>\n<p>Per ser membre del Consell Escolar\u00a0 s&#8217;ha de parlar amb la directora i presentar-se com a candidat. Hi ha de termini fins el dilluns 16 de novembre de 2018.<\/p>\n<p>Ser membre del Consell Escolar significa venir a quatre reunions durant el curs escolar, on la directora explica tots els projectes i actuacions que es fan a l&#8217;Escola.<\/p>\n<p>Des del dilluns 5 de novembre fins el dijous 15 de novembre, es poden consultar les llistes del cens electoral per votar el proper dijous 29 de novembre, i alhora presentar-se com a candidat, per formar part del Consell Escolar.<\/p>\n<p>Per rebre m\u00e9s informaci\u00f3 es pot trucar a l&#8217;escola o venir a parlar amb l&#8217;Equip Directiu.<\/p>\n<p>Atentament,<\/p>\n<p>Equip Directiu de l&#8217;Escola Sant Ildefons<\/p>\n<p><span style=\"text-decoration: underline;\">ELECCIONES AL CONSELL ESCOLAR (JUEVES 29 DE NOVIEMBRE DE 15H A 18H)<\/span><\/p>\n<p>El Consell Escolar est\u00e1 formado por el Equipo Directivo, maestros\/as y cinco representantes de padres y madres del colegio, que son elegidos por votaci\u00f3n de todos los padres y madres de la escuela.<\/p>\n<p>Para ser miembro del Consell Escolar hay que hablar con la directora y presentarse como candidato, hay de plazo hasta el lunes 16 de noviembre de 2018.<\/p>\n<p>Ser miembro del Consell Escolar comporta venir a cuatro reuniones durante el curso escolar, donde la directora les explica todos los proyectos y actuaciones que se llevan a cabo en la escuela.<\/p>\n<p>Desde el lunes 5 de noviembre hasta el jueves 15 de noviembre se pueden consultar las listas del censo elctoral, para poder ejercer el derecho a voto el jueves 29 de noviembre, y a su vez presentarse como candidato a formar parte del Consell Escolar.<\/p>\n<p>Para m\u00e1s informaci\u00f3n pueden llamar a la escuela o venir a hablar con el Equipo Directivo.<\/p>\n<p>Atentamente,<\/p>\n<p>Equip Directiu Escola Sant Ildefons<\/p>\n","protected":false},"excerpt":{"rendered":"<p>ELECCIONS AL CONSELL ESCOLAR (DIJOUS 29 DE NOVEMBRE DE 15H A 18H)<br \/>\nEl Consell Escolar est\u00e0 format per l&#8217;Equip Directiu, mestres i cinc representants dels pares i mares de l&#8217;escola, que s\u00f3n triats per votaci\u00f3 de tots els pares i mares del centre.<br \/>\nPer ser membre del&hellip;  <a href=\"https:\/\/agora.xtec.cat\/ceip-santildefons-cornella\/general\/eleccions-al-consell-escolar-el-29-de-novembre\/\" title=\"Read Eleccions al Consell Escolar el 29 de novembre\">Llegeix m\u00e9s\u00bb<\/a><\/p>\n","protected":false},"author":4,"featured_media":2671,"comment_status":"open","ping_status":"closed","sticky":false,"template":"","format":"standard","meta":{"_bbp_topic_count":0,"_bbp_reply_count":0,"_bbp_total_topic_count":0,"_bbp_total_reply_count":0,"_bbp_voice_count":0,"_bbp_anonymous_reply_count":0,"_bbp_topic_count_hidden":0,"_bbp_reply_count_hidden":0,"_bbp_forum_subforum_count":0,"footnotes":""},"categories":[10,11,12,13,14,15,1,3,8,9,2,4,5],"tags":[],"class_list":["post-2670","post","type-post","status-publish","format-standard","has-post-thumbnail","hentry","category-1r","category-2n","category-3r","category-4t","category-5e","category-6e","category-general","category-i3","category-i4","category-i5","category-infantil","category-portada","category-primaria"],"post_mailing_queue_ids":[],"_links":{"self":[{"href":"https:\/\/agora.xtec.cat\/ceip-santildefons-cornella\/wp-json\/wp\/v2\/posts\/2670","targetHints":{"allow":["GET"]}}],"collection":[{"href":"https:\/\/agora.xtec.cat\/ceip-santildefons-cornella\/wp-json\/wp\/v2\/posts"}],"about":[{"href":"https:\/\/agora.xtec.cat\/ceip-santildefons-cornella\/wp-json\/wp\/v2\/types\/post"}],"author":[{"embeddable":true,"href":"https:\/\/agora.xtec.cat\/ceip-santildefons-cornella\/wp-json\/wp\/v2\/users\/4"}],"replies":[{"embeddable":true,"href":"https:\/\/agora.xtec.cat\/ceip-santildefons-cornella\/wp-json\/wp\/v2\/comments?post=2670"}],"version-history":[{"count":3,"href":"https:\/\/agora.xtec.cat\/ceip-santildefons-cornella\/wp-json\/wp\/v2\/posts\/2670\/revisions"}],"predecessor-version":[{"id":2674,"href":"https:\/\/agora.xtec.cat\/ceip-santildefons-cornella\/wp-json\/wp\/v2\/posts\/2670\/revisions\/2674"}],"wp:featuredmedia":[{"embeddable":true,"href":"https:\/\/agora.xtec.cat\/ceip-santildefons-cornella\/wp-json\/wp\/v2\/media\/2671"}],"wp:attachment":[{"href":"https:\/\/agora.xtec.cat\/ceip-santildefons-cornella\/wp-json\/wp\/v2\/media?parent=2670"}],"wp:term":[{"taxonomy":"category","embeddable":true,"href":"https:\/\/agora.xtec.cat\/ceip-santildefons-cornella\/wp-json\/wp\/v2\/categories?post=2670"},{"taxonomy":"post_tag","embeddable":true,"href":"https:\/\/agora.xtec.cat\/ceip-santildefons-cornella\/wp-json\/wp\/v2\/tags?post=2670"}],"curies":[{"name":"wp","href":"https:\/\/api.w.org\/{rel}","templated":true}]}}