{"id":2539,"date":"2018-06-12T11:42:29","date_gmt":"2018-06-12T09:42:29","guid":{"rendered":"http:\/\/agora.xtec.cat\/ceip-santildefons-cornella\/?p=2539"},"modified":"2018-06-12T11:42:29","modified_gmt":"2018-06-12T09:42:29","slug":"edudansa-2018","status":"publish","type":"post","link":"https:\/\/agora.xtec.cat\/ceip-santildefons-cornella\/general\/edudansa-2018\/","title":{"rendered":"Edudansa 2018"},"content":{"rendered":"<div dir=\"auto\">Els alumnes de 3r hem participat a l&#8217;Edudansa 2018<\/div>\n<div dir=\"auto\"><\/div>\n<div dir=\"auto\">Els alumnes de 3r hem participat al V Edudansa. Aquest any hem ballat danses del m\u00f3n a la pla\u00e7a Sant Ildefons. Al final, m\u00e9s de 600 nens i nenes de 13 escoles de Cornell\u00e0 ens hem barrejat per ballar La gallarda del pou, dansa t\u00edpica de Cornell\u00e0. En finalitzar l&#8217;acte ens han regalat un instrument per l&#8217;escola i gelats per totes i tots. Ens ho hem passat genial!<\/div>\n<div dir=\"auto\"><\/div>\n<div dir=\"auto\"><\/div>\n<div id=\"177B8\" style=\"width:800px; height:600px; display:none;\">\n<img decoding=\"async\" src=\"https:\/\/lh3.googleusercontent.com\/4dJ1zpMEBD9B9ES69ta1JB3GhgEjqxOf9aKuO4NUHF0cHeCSTAyj480dLAQVS7F-dYkqegnVS9zXuN9UuThsJUWXRFehqW2Sn44CNtRsPd5lFPDFPI8imzY140z4v9eXCMPzzwmC9DZ9A_jfGVTbWW3ozqW9Xt05fyonWUngLg25DEo2XaHXca_F2acpKEF4PmzUcLVjGJAcHuHkqX74lb6Dp7WVTEa1ywpqQ4jBXbeuNgx5nT55kdMjWjgZg596Th_h1KZwX14Ia56O3t1DDwU40yPnFBwsHhA8UaUzSH-xGvtSuDGG_X0V_QG2oaVNsWvmgzASiYmVlkHoJbLGyt-MG5I6-bzgzHAEv0ctVqbigx-tXVx9ZRHY_iLzZX5mZK0gxrRWVdoDJVn_pbU4IM4Dp38o89a8z0EXj9DSF2Bjui6FO70idFUGjEsiSp1nanYVFVBKnYboMZryzLnhhWmE2i8iRsrkbe3tk-7U11CXmj3PMoDjFbKr8KWBCN-iyoN2RwpQMMNjbPp6nV9S304giu2kPbzclMig6quBFN2Z7ZnWXu26SBmztqfawNXHce2kP8x1tgAIS7Pn9_YYBOVTMP3YJWCeKXBgCf0=w800-h600-no\" data-link=\"https:\/\/photos.google.com\/album\/AF1QipOcNvu-4BEdlmILAp6adKSsCFAVAepFA8H1bMqD\/photo\/AF1QipNSkua7M_WhqbrNGryOgo22uaJwz3WeSWhDgps3\"><br \/>\n<img decoding=\"async\" src=\"https:\/\/lh3.googleusercontent.com\/vH7ZHWh56ciFJmtXUaYxUMhYdZa3ujjIooYjy23UBQmLGGTUvj1bOe-8r28UuMN4XaVHqNRVGuY3hxpqAnzABvsdeC1te8m7XRXJMxmnbpIScnaHYq13w1FxicjHqdhHt1AJG-aZ_LBD34enW4Ky198Gp2tNgKNBT206aqqiHNmJwd1sKblhR8mBfJA0T_Irzirv-BWhlPyZxLAv1bytzrqC4OPTMQUpO-2X6QE88d8001AVHsRJl03wM0NgzEAajl__zJ0DBioqkRietTYRzrnEFGeBS65e1PodxFeAS_roCghy9hZKk1loyXtuSvfttC4CmoeXuFAURnzbOepmIM7xiyULMv9nHplQmR584uIb3Oy-bSScDp9IeJhHSD5sU9PueqfWsiTkOuyGEGud8e7t17zjX8Y70lf0rw5qf_g9UD58i4PAwraPCNLG39e31CL5tFTzze-OMSmWIWobv8cVLRY2sHxovzy1jlIpM2VjCOQUIcX4oHv3YiB6k_bXWEJS4n04hCid4EroYXeJnawvwd11xSLSQRaGoyBub6O-LJ36HKjwvPCDMxu6TmkDpFUPlUB7NzriqVL0iXfLmU-3x2FfE42xvOFcczM=w800-h600-no\" data-link=\"https:\/\/photos.google.com\/album\/AF1QipOcNvu-4BEdlmILAp6adKSsCFAVAepFA8H1bMqD\/photo\/AF1QipPd3j_ZfBnLNpV6nXV5qmmjFiHjnqFtQIA2Xy-e\"><br \/>\n<img decoding=\"async\" src=\"https:\/\/lh3.googleusercontent.com\/w11noNfuKVkAYa1bZ4JDAzodWeYM65eYrr0VR-wxNvkTt5H37BVcDcKiqbyKIMRuZbY4oKkXqMO4hlajTjTWuWtbGHFxB34fRG5rWf92V_h9roIH-NF9ox1F2lzxtGiuAxcvAEhkLGs_NUpJk_w8MaWvU8h09jLYNKsgWWM7djIgUIlpXFP15saaGQfw8LlUfkZiCFWW20vcYa9v_v37K56-JshDMVSIYU7QTAzKgaGD2zqOmu-aZFTJC-m5HteInkni0oDjiX5j9Fh_3nYflyPbHPT1-Msfvgajk7FaenTccDO7EB7O6UO8Y38UT4DFGKa2Y4PM8L-0PpaXLVRQBlts9MQQazLoRyFtqZ-86oinfqjTWzZtBKmq9f8TVcG1aiEoUvnToNdTo6wqS9sJMpnbenKQ41kyoYwSPL67wC1ItgAvUadiWr7tM-SqpsjEZNO4JUS55SbpVcCRZMQRRGG-8VSIDQ5dWWhf6WkwtF1tVK6pkiT1tidi8CgVdNkIWfMSDCOTDmEa7IFvqVELRuuwEdxOTJL7ijvOww7trwtJ4v3P0LqDT2G6MNMJypTRInWuRPRvuv7iYCWSm6C_koJk30ltrNCE1Lv-Hts=w800-h600-no\" data-link=\"https:\/\/photos.google.com\/album\/AF1QipOcNvu-4BEdlmILAp6adKSsCFAVAepFA8H1bMqD\/photo\/AF1QipPqcdHG-minRDAYA6hkMVad89eF1C00eijv7FpY\">\n<\/div>\n<p><script type=\"text\/javascript\" src=\"https:\/\/cdn.jsdelivr.net\/jquery\/1.12.3\/jquery.min.js\"><\/script><br \/>\n<script>\n (MyGalleries=(typeof MyGalleries === 'undefined' ? [] : MyGalleries)).push({gallId:'#177B8',autoplay:true,lightbox:true,debug:false,popupLinks:true});\n if(typeof GalleryLoaded === 'undefined'){\n  GalleryLoaded = jQuery(function(){\n   jQuery.ajax({url:'https:\/\/cdn.jsdelivr.net\/galleria\/1.4.2\/galleria.min.js',dataType:'script',cache:true}).done(function(){\n    Galleria.loadTheme('https:\/\/cdn.jsdelivr.net\/galleria\/1.4.2\/themes\/classic\/galleria.classic.js');\n    for(var n in MyGalleries){\n     Galleria.run(MyGalleries[n].gallId, MyGalleries[n]);\n     jQuery(MyGalleries[n].gallId).css('display','block');\n    }\n   });\n  });\n }\n<\/script><\/p>\n","protected":false},"excerpt":{"rendered":"<p>Els alumnes de 3r hem participat a l&#8217;Edudansa 2018<\/p>\n<p>Els alumnes de 3r hem participat al V Edudansa. Aquest any hem ballat danses del m\u00f3n a la pla\u00e7a Sant Ildefons. Al final, m\u00e9s de 600 nens i nenes de 13 escoles de Cornell\u00e0 ens hem barrejat&hellip;  <a href=\"https:\/\/agora.xtec.cat\/ceip-santildefons-cornella\/general\/edudansa-2018\/\" title=\"Read Edudansa 2018\">Llegeix m\u00e9s\u00bb<\/a><\/p>\n","protected":false},"author":5,"featured_media":2540,"comment_status":"open","ping_status":"closed","sticky":false,"template":"","format":"standard","meta":{"_bbp_topic_count":0,"_bbp_reply_count":0,"_bbp_total_topic_count":0,"_bbp_total_reply_count":0,"_bbp_voice_count":0,"_bbp_anonymous_reply_count":0,"_bbp_topic_count_hidden":0,"_bbp_reply_count_hidden":0,"_bbp_forum_subforum_count":0,"footnotes":""},"categories":[12,1,4],"tags":[41],"class_list":["post-2539","post","type-post","status-publish","format-standard","has-post-thumbnail","hentry","category-3r","category-general","category-portada","tag-edudansa"],"post_mailing_queue_ids":[],"_links":{"self":[{"href":"https:\/\/agora.xtec.cat\/ceip-santildefons-cornella\/wp-json\/wp\/v2\/posts\/2539","targetHints":{"allow":["GET"]}}],"collection":[{"href":"https:\/\/agora.xtec.cat\/ceip-santildefons-cornella\/wp-json\/wp\/v2\/posts"}],"about":[{"href":"https:\/\/agora.xtec.cat\/ceip-santildefons-cornella\/wp-json\/wp\/v2\/types\/post"}],"author":[{"embeddable":true,"href":"https:\/\/agora.xtec.cat\/ceip-santildefons-cornella\/wp-json\/wp\/v2\/users\/5"}],"replies":[{"embeddable":true,"href":"https:\/\/agora.xtec.cat\/ceip-santildefons-cornella\/wp-json\/wp\/v2\/comments?post=2539"}],"version-history":[{"count":1,"href":"https:\/\/agora.xtec.cat\/ceip-santildefons-cornella\/wp-json\/wp\/v2\/posts\/2539\/revisions"}],"predecessor-version":[{"id":2541,"href":"https:\/\/agora.xtec.cat\/ceip-santildefons-cornella\/wp-json\/wp\/v2\/posts\/2539\/revisions\/2541"}],"wp:featuredmedia":[{"embeddable":true,"href":"https:\/\/agora.xtec.cat\/ceip-santildefons-cornella\/wp-json\/wp\/v2\/media\/2540"}],"wp:attachment":[{"href":"https:\/\/agora.xtec.cat\/ceip-santildefons-cornella\/wp-json\/wp\/v2\/media?parent=2539"}],"wp:term":[{"taxonomy":"category","embeddable":true,"href":"https:\/\/agora.xtec.cat\/ceip-santildefons-cornella\/wp-json\/wp\/v2\/categories?post=2539"},{"taxonomy":"post_tag","embeddable":true,"href":"https:\/\/agora.xtec.cat\/ceip-santildefons-cornella\/wp-json\/wp\/v2\/tags?post=2539"}],"curies":[{"name":"wp","href":"https:\/\/api.w.org\/{rel}","templated":true}]}}