{"id":2528,"date":"2018-06-07T11:59:23","date_gmt":"2018-06-07T09:59:23","guid":{"rendered":"http:\/\/agora.xtec.cat\/ceip-santildefons-cornella\/?p=2528"},"modified":"2018-06-07T12:05:36","modified_gmt":"2018-06-07T10:05:36","slug":"un-dia-a-p-3","status":"publish","type":"post","link":"https:\/\/agora.xtec.cat\/ceip-santildefons-cornella\/general\/un-dia-a-p-3\/","title":{"rendered":"Un dia a P-3"},"content":{"rendered":"<p>Aviat comen\u00e7a el termini de matriculaci\u00f3 dels alumnes de P-3 pel curs vinent. Al seg\u00fcent v\u00eddeo podeu veure un dia qualsevol a la classe de P-3 d&#8217;aquest curs. Com juguen, com aprenen, com s&#8217;organitzen&#8230;<br \/>\n<iframe loading=\"lazy\" src=\"\/\/player.vimeo.com\/video\/264596050?title=0&amp;amp;byline=0\" width=\"425\" height=\"350\" allowfullscreen=\"allowfullscreen\"><\/iframe><\/p>\n","protected":false},"excerpt":{"rendered":"<p>Aviat comen\u00e7a el termini de matriculaci\u00f3 dels alumnes de P-3 pel curs vinent. Al seg\u00fcent v\u00eddeo podeu veure un dia qualsevol a la classe de P-3 d&#8217;aquest curs. Com juguen, com aprenen, com s&#8217;organitzen&#8230;<\/p>\n","protected":false},"author":4,"featured_media":0,"comment_status":"open","ping_status":"closed","sticky":false,"template":"","format":"standard","meta":{"_bbp_topic_count":0,"_bbp_reply_count":0,"_bbp_total_topic_count":0,"_bbp_total_reply_count":0,"_bbp_voice_count":0,"_bbp_anonymous_reply_count":0,"_bbp_topic_count_hidden":0,"_bbp_reply_count_hidden":0,"_bbp_forum_subforum_count":0,"footnotes":""},"categories":[1,3,2,4],"tags":[145],"class_list":["post-2528","post","type-post","status-publish","format-standard","hentry","category-general","category-i3","category-infantil","category-portada","tag-infantil"],"post_mailing_queue_ids":[],"_links":{"self":[{"href":"https:\/\/agora.xtec.cat\/ceip-santildefons-cornella\/wp-json\/wp\/v2\/posts\/2528","targetHints":{"allow":["GET"]}}],"collection":[{"href":"https:\/\/agora.xtec.cat\/ceip-santildefons-cornella\/wp-json\/wp\/v2\/posts"}],"about":[{"href":"https:\/\/agora.xtec.cat\/ceip-santildefons-cornella\/wp-json\/wp\/v2\/types\/post"}],"author":[{"embeddable":true,"href":"https:\/\/agora.xtec.cat\/ceip-santildefons-cornella\/wp-json\/wp\/v2\/users\/4"}],"replies":[{"embeddable":true,"href":"https:\/\/agora.xtec.cat\/ceip-santildefons-cornella\/wp-json\/wp\/v2\/comments?post=2528"}],"version-history":[{"count":3,"href":"https:\/\/agora.xtec.cat\/ceip-santildefons-cornella\/wp-json\/wp\/v2\/posts\/2528\/revisions"}],"predecessor-version":[{"id":2532,"href":"https:\/\/agora.xtec.cat\/ceip-santildefons-cornella\/wp-json\/wp\/v2\/posts\/2528\/revisions\/2532"}],"wp:attachment":[{"href":"https:\/\/agora.xtec.cat\/ceip-santildefons-cornella\/wp-json\/wp\/v2\/media?parent=2528"}],"wp:term":[{"taxonomy":"category","embeddable":true,"href":"https:\/\/agora.xtec.cat\/ceip-santildefons-cornella\/wp-json\/wp\/v2\/categories?post=2528"},{"taxonomy":"post_tag","embeddable":true,"href":"https:\/\/agora.xtec.cat\/ceip-santildefons-cornella\/wp-json\/wp\/v2\/tags?post=2528"}],"curies":[{"name":"wp","href":"https:\/\/api.w.org\/{rel}","templated":true}]}}