{"id":2315,"date":"2018-03-08T13:34:59","date_gmt":"2018-03-08T12:34:59","guid":{"rendered":"http:\/\/agora.xtec.cat\/ceip-santildefons-cornella\/?p=2315"},"modified":"2018-03-16T17:01:10","modified_gmt":"2018-03-16T16:01:10","slug":"un-mati-al-teatre","status":"publish","type":"post","link":"https:\/\/agora.xtec.cat\/ceip-santildefons-cornella\/general\/un-mati-al-teatre\/","title":{"rendered":"UN MAT\u00cd AL TEATRE."},"content":{"rendered":"<p>Els Taurons hem anat al teatre.Hem vist una obra titulada &#8220;Contes per minut&#8221;. Ens han escenificat contes sobre dracs i personatges fant\u00e0stics fent servir instruments com l&#8217; \u00f2rgan i la guitarra el\u00e8ctrica&#8230; Ens agrada anar al teatre !!!<\/p>\n<p>&nbsp;<\/p>\n<div id=\"12FB5\" style=\"width:800px;height:600px\">\n<img decoding=\"async\" src=\"https:\/\/lh3.googleusercontent.com\/wpvH9-J3HATAiFxQjZo_2ZWOU65aAGpW0NVZTgn8Ze2CheCBFf5sT2pVgl0ht_ElUmmRVlSnQn24lSkHX1qAo9FGYZYgiKtZ_V_wmOSfyJ--qP27k7e21kNvt1L63sURgAJghffcQ1eubkURHAl0vN2U-GxhU77Gg-PHIY5UXkhH-W1wsWD8XZ1XjdRAFEoM2Ims8gEBlc-ye_aAp-jwskd13KkC9XjMMNlisEgti51W7fBiNG65JWhiNG816ZnRCX9KCVHO4Ya84UWCZTt4KRH_IO0fqPPwOiQO8ts-HRK8ioBlw2eqRxtalfOBhoKCiC8tJnuwsN-xah_Pa1gZXQOkv1yAKhZHvuzQbUtpKknB-lF4n-SZqaeDxwdVi267Msql6BTwjkJQcXW5fcPFUfWBIEWT4xShj0k2iNBPUF-1k3DSRd9fyai6SUuO9vxKbIDRI-RvYO4bawUMSJ_yPGJQO_7nti0T6YjRMnxZdX-D6ALBRdHGM6M2SHL_LkCcWdkc1U3YIVrGdOomoR0T9qtnjCJzKD_Hd40HrVaL9q_m_tL3sm9vDwDwPa0pgNpHSUoz22qqjtQKWvRCBJhIrwlOaZD8JShjiupNMTNVeFT4FJLkBHaKSpk8xvQi1-nfRcE34a41n_I_KMQvzDwb-yh_qeS7fHgR=w800-h600-no\"><br \/>\n<img decoding=\"async\" src=\"https:\/\/lh3.googleusercontent.com\/j47nZxKQmIF9_0oyGIgjJ9JnyjtSW4eT13vJrGvhYV8ttJMB1N6fSVCMPoG7jx3SLZ2EdMFIimT8b-gVSFBTJDCfyIfM2HVkQrOoOjUmGYujSpdjkkM4uyNZBCNmT6Ts88vKFKUIzWJq6PQgxb4LOl_xUtkBSpEzF5mZz62b3hQc42v3z_k7jjvYBibg0YpuLh71BEaCzlomM9V-cR7qIF8PrO1QyKp31eIjKCsdCGB3DFM884badwrgqXZpyPJokOIQyc048jCj47snofwc-Gm7nUggaxMuXf5IP3ccU6R-Px8BnTOXFCicKXzun128AcPFEuXAcs_2D8YlmGzj0oeE5Dxu81inDg4SnI0K3UYPfQljYHiVjRUzOhZJ5IpROF9d6MxVVOAA4VZ0DKZNRjZzFwlEQn_BUgtXcg6ITgJsP6__wSJov6EEIRfwAMJMTVo2cA-EizPE3_zfXZYyyBqgSKlniME0DjV5fu_UdnFOE63hNAroqhrpSxyu9fLrqixMz-ePV-Kea3ultm_KhFD6voN1etbrJ-hIQO2QLjsSNmtAmHTpRmCChDleRvynRmsb4X0cGWB1k4RPehoZbnInnRu86B3-YP25KFJtkiGXwNDbR2eloXxZt9bSEka3ma6g8a0vPqrdqyYXkyDKHfEra_hJDrf3=w800-h600-no\"><br \/>\n<img decoding=\"async\" src=\"https:\/\/lh3.googleusercontent.com\/Q3SPSUs87hzgfMBtIkCrD8sdwZbg3ekc0CjigNKL1R_hVLS__T5cgacbweM5RWac_psJxkw6jeRJnomoSkdVMYvMglOgQaniHgyZg4g_l-JtHSa2JCCrWCdRpHTvnYHr109P8e2oXU9vu98j-gcyt-Vw9g8D4oj7ZxQ6rK4JvI3Ui17Y3LXkQoNTH3EazAqpod-Gmx9u0uK0L8bGKifddSxEEDg-2mXOWyyUjQb5jMqDBsSiiJpoR0ExRqUS3sZcVP3sV6uhm_6fLZvKguqdxcYcaI5KbTiM9Eyr9hq_3OiZHdpHzjdfVJH1nXuJc6oFrkqyqCnjn4efFIrB0VV_b7LimXmvhRLuaQtJDigIZu-OzjU34qMG35_G11a8JIBmde1zu5oIM9MokliU0LLLRwei2Dwk2WdvOSLEqpTFzZoILAt8O1MG431SxmJ3ZLvqdVbvbbcKmkoJ-GxeQMnMiDitl-K6iAeceRqF2UgBEmAl5wk9w6JsaUfiG0Hi0paiPgBFXzZdpkTD_9IizTd4dj7DWCE_YUO9eUlAwN9AxXuDY8QQtjX7Sq_Bv-aSgzBCLWXe3UMdOkAJVyO7IL61pMITn_ADmxYloHVZuWHpfSYyxFaUd3yGAOzSDCAdqf6nbAxDrpjrt-JZNMi4sXgWEIamTxE2aj3u=w800-h600-no\">\n<\/div>\n<p><script type=\"text\/javascript\" src=\"https:\/\/cdn.jsdelivr.net\/jquery\/1.12.3\/jquery.min.js\"><\/script><br \/>\n<script>\n (MyGalleries=(typeof MyGalleries === 'undefined' ? [] : MyGalleries)).push({gallId:'#12FB5',autoplay:true,lightbox:true,debug:false,popupLinks:true});\n if(typeof GalleryLoaded === 'undefined'){\n  GalleryLoaded = jQuery(function(){\n   jQuery.ajax({url:'https:\/\/cdn.jsdelivr.net\/galleria\/1.4.2\/galleria.min.js',dataType:'script',cache:true}).done(function(){\n    Galleria.loadTheme('https:\/\/cdn.jsdelivr.net\/galleria\/1.4.2\/themes\/classic\/galleria.classic.js');\n    for(var n in MyGalleries){\n     Galleria.run(MyGalleries[n].gallId, MyGalleries[n]);\n     jQuery(MyGalleries[n].gallId).css('display','block');\n    }\n   });\n  });\n }\n<\/script><\/p>\n","protected":false},"excerpt":{"rendered":"<p>Els Taurons hem anat al teatre.Hem vist una obra titulada &#8220;Contes per minut&#8221;. Ens han escenificat contes sobre dracs i personatges fant\u00e0stics fent servir instruments com l&#8217; \u00f2rgan i la guitarra el\u00e8ctrica&#8230; Ens agrada anar al teatre !!!<br \/>\n&nbsp;<\/p>\n","protected":false},"author":18,"featured_media":2316,"comment_status":"open","ping_status":"closed","sticky":false,"template":"","format":"standard","meta":{"_bbp_topic_count":0,"_bbp_reply_count":0,"_bbp_total_topic_count":0,"_bbp_total_reply_count":0,"_bbp_voice_count":0,"_bbp_anonymous_reply_count":0,"_bbp_topic_count_hidden":0,"_bbp_reply_count_hidden":0,"_bbp_forum_subforum_count":0,"footnotes":""},"categories":[1,9,2,4],"tags":[141],"class_list":["post-2315","post","type-post","status-publish","format-standard","has-post-thumbnail","hentry","category-general","category-i5","category-infantil","category-portada","tag-teatre"],"post_mailing_queue_ids":[],"_links":{"self":[{"href":"https:\/\/agora.xtec.cat\/ceip-santildefons-cornella\/wp-json\/wp\/v2\/posts\/2315","targetHints":{"allow":["GET"]}}],"collection":[{"href":"https:\/\/agora.xtec.cat\/ceip-santildefons-cornella\/wp-json\/wp\/v2\/posts"}],"about":[{"href":"https:\/\/agora.xtec.cat\/ceip-santildefons-cornella\/wp-json\/wp\/v2\/types\/post"}],"author":[{"embeddable":true,"href":"https:\/\/agora.xtec.cat\/ceip-santildefons-cornella\/wp-json\/wp\/v2\/users\/18"}],"replies":[{"embeddable":true,"href":"https:\/\/agora.xtec.cat\/ceip-santildefons-cornella\/wp-json\/wp\/v2\/comments?post=2315"}],"version-history":[{"count":3,"href":"https:\/\/agora.xtec.cat\/ceip-santildefons-cornella\/wp-json\/wp\/v2\/posts\/2315\/revisions"}],"predecessor-version":[{"id":2354,"href":"https:\/\/agora.xtec.cat\/ceip-santildefons-cornella\/wp-json\/wp\/v2\/posts\/2315\/revisions\/2354"}],"wp:featuredmedia":[{"embeddable":true,"href":"https:\/\/agora.xtec.cat\/ceip-santildefons-cornella\/wp-json\/wp\/v2\/media\/2316"}],"wp:attachment":[{"href":"https:\/\/agora.xtec.cat\/ceip-santildefons-cornella\/wp-json\/wp\/v2\/media?parent=2315"}],"wp:term":[{"taxonomy":"category","embeddable":true,"href":"https:\/\/agora.xtec.cat\/ceip-santildefons-cornella\/wp-json\/wp\/v2\/categories?post=2315"},{"taxonomy":"post_tag","embeddable":true,"href":"https:\/\/agora.xtec.cat\/ceip-santildefons-cornella\/wp-json\/wp\/v2\/tags?post=2315"}],"curies":[{"name":"wp","href":"https:\/\/api.w.org\/{rel}","templated":true}]}}