{"id":2242,"date":"2018-02-08T14:07:04","date_gmt":"2018-02-08T13:07:04","guid":{"rendered":"http:\/\/agora.xtec.cat\/ceip-santildefons-cornella\/?p=2242"},"modified":"2018-02-22T16:51:42","modified_gmt":"2018-02-22T15:51:42","slug":"els-nens-i-les-nenes-de-1r-construim-circuits","status":"publish","type":"post","link":"https:\/\/agora.xtec.cat\/ceip-santildefons-cornella\/general\/els-nens-i-les-nenes-de-1r-construim-circuits\/","title":{"rendered":"Els nens i les nenes de 1r constru\u00efm circuits"},"content":{"rendered":"<p>Els alumnes de 1r fem dues hores a la setmana Educaci\u00f3 F\u00edsica. A vegades, fem servir l&#8217;aula de psicomotricitat, altres dies el pati o el gimn\u00e0s. Aquest dies estem jugant a construir nosaltres mateixos circuits a la sala de psicomotricitat. Col\u00b7laborant tots junts surten coses molt divertides!<br \/>\n<iframe loading=\"lazy\" src=\"\/\/player.vimeo.com\/video\/254845912?title=0&amp;amp;byline=0\" width=\"425\" height=\"350\" allowfullscreen=\"allowfullscreen\"><\/iframe><\/p>\n","protected":false},"excerpt":{"rendered":"<p>Els alumnes de 1r fem dues hores a la setmana Educaci\u00f3 F\u00edsica. A vegades, fem servir l&#8217;aula de psicomotricitat, altres dies el pati o el gimn\u00e0s. Aquest dies estem jugant a construir nosaltres mateixos circuits a la sala de psicomotricitat. Col\u00b7laborant tots junts surten coses&hellip;  <a href=\"https:\/\/agora.xtec.cat\/ceip-santildefons-cornella\/general\/els-nens-i-les-nenes-de-1r-construim-circuits\/\" title=\"Read Els nens i les nenes de 1r constru\u00efm circuits\">Llegeix m\u00e9s\u00bb<\/a><\/p>\n","protected":false},"author":4,"featured_media":0,"comment_status":"open","ping_status":"closed","sticky":false,"template":"","format":"standard","meta":{"_bbp_topic_count":0,"_bbp_reply_count":0,"_bbp_total_topic_count":0,"_bbp_total_reply_count":0,"_bbp_voice_count":0,"_bbp_anonymous_reply_count":0,"_bbp_topic_count_hidden":0,"_bbp_reply_count_hidden":0,"_bbp_forum_subforum_count":0,"footnotes":""},"categories":[10,1,4,5],"tags":[108],"class_list":["post-2242","post","type-post","status-publish","format-standard","hentry","category-1r","category-general","category-portada","category-primaria","tag-educacio-fisica"],"post_mailing_queue_ids":[],"_links":{"self":[{"href":"https:\/\/agora.xtec.cat\/ceip-santildefons-cornella\/wp-json\/wp\/v2\/posts\/2242","targetHints":{"allow":["GET"]}}],"collection":[{"href":"https:\/\/agora.xtec.cat\/ceip-santildefons-cornella\/wp-json\/wp\/v2\/posts"}],"about":[{"href":"https:\/\/agora.xtec.cat\/ceip-santildefons-cornella\/wp-json\/wp\/v2\/types\/post"}],"author":[{"embeddable":true,"href":"https:\/\/agora.xtec.cat\/ceip-santildefons-cornella\/wp-json\/wp\/v2\/users\/4"}],"replies":[{"embeddable":true,"href":"https:\/\/agora.xtec.cat\/ceip-santildefons-cornella\/wp-json\/wp\/v2\/comments?post=2242"}],"version-history":[{"count":3,"href":"https:\/\/agora.xtec.cat\/ceip-santildefons-cornella\/wp-json\/wp\/v2\/posts\/2242\/revisions"}],"predecessor-version":[{"id":2293,"href":"https:\/\/agora.xtec.cat\/ceip-santildefons-cornella\/wp-json\/wp\/v2\/posts\/2242\/revisions\/2293"}],"wp:attachment":[{"href":"https:\/\/agora.xtec.cat\/ceip-santildefons-cornella\/wp-json\/wp\/v2\/media?parent=2242"}],"wp:term":[{"taxonomy":"category","embeddable":true,"href":"https:\/\/agora.xtec.cat\/ceip-santildefons-cornella\/wp-json\/wp\/v2\/categories?post=2242"},{"taxonomy":"post_tag","embeddable":true,"href":"https:\/\/agora.xtec.cat\/ceip-santildefons-cornella\/wp-json\/wp\/v2\/tags?post=2242"}],"curies":[{"name":"wp","href":"https:\/\/api.w.org\/{rel}","templated":true}]}}