{"id":2238,"date":"2018-02-06T14:07:21","date_gmt":"2018-02-06T13:07:21","guid":{"rendered":"http:\/\/agora.xtec.cat\/ceip-santildefons-cornella\/?p=2238"},"modified":"2018-06-21T10:13:22","modified_gmt":"2018-06-21T08:13:22","slug":"els-alumnes-de-6e-estan-preparant-la-batucada","status":"publish","type":"post","link":"https:\/\/agora.xtec.cat\/ceip-santildefons-cornella\/general\/els-alumnes-de-6e-estan-preparant-la-batucada\/","title":{"rendered":"Els alumnes de 6\u00e8 estan preparant la batucada"},"content":{"rendered":"<p>Els alumnes de 6\u00e8 estem preparant la batucada que acompanyar\u00e0 la rua del dia\u00a09 de febrer a partir de les 11 del mat\u00ed.\u00a0 Hem apr\u00e9s a tocar molt instruments de percussi\u00f3 i ritmes de carnaval. A m\u00e9s, aquest curs\u00a0amb el suport de l\u2019Ajuntament de Cornell\u00e0 de Llobregat, he desenvolupat el projecte &#8220;Viu la m\u00fasica&#8221;, adquirint nous instruments que han ajudat a obrir un ventall m\u00e9s ample de experi\u00e8ncies musicals.<\/p>\n<p><a href=\"http:\/\/agora.xtec.cat\/ceip-santildefons-cornella\/wp-content\/uploads\/usu544\/2017\/05\/Ajuntament-Cornella.gif\"><img loading=\"lazy\" decoding=\"async\" class=\"size-full wp-image-2073 aligncenter\" src=\"http:\/\/agora.xtec.cat\/ceip-santildefons-cornella\/wp-content\/uploads\/usu544\/2017\/05\/Ajuntament-Cornella.gif\" alt=\"\" width=\"150\" height=\"150\" \/><\/a><\/p>\n<p>&nbsp;<\/p>\n<p>&nbsp;<\/p>\n<p><a href=\"http:\/\/agora.xtec.cat\/ceip-santildefons-cornella\/wp-content\/uploads\/usu544\/2018\/02\/batucada.jpg\"><img loading=\"lazy\" decoding=\"async\" class=\"aligncenter wp-image-2239 size-large\" src=\"http:\/\/agora.xtec.cat\/ceip-santildefons-cornella\/wp-content\/uploads\/usu544\/2018\/02\/batucada-766x1024.jpg\" alt=\"\" width=\"766\" height=\"1024\" srcset=\"https:\/\/agora.xtec.cat\/ceip-santildefons-cornella\/wp-content\/uploads\/usu544\/2018\/02\/batucada-766x1024.jpg 766w, https:\/\/agora.xtec.cat\/ceip-santildefons-cornella\/wp-content\/uploads\/usu544\/2018\/02\/batucada-224x300.jpg 224w, https:\/\/agora.xtec.cat\/ceip-santildefons-cornella\/wp-content\/uploads\/usu544\/2018\/02\/batucada-768x1027.jpg 768w\" sizes=\"auto, (max-width: 766px) 100vw, 766px\" \/><\/a><\/p>\n","protected":false},"excerpt":{"rendered":"<p>Els alumnes de 6\u00e8 estem preparant la batucada que acompanyar\u00e0 la rua del dia\u00a09 de febrer a partir de les 11 del mat\u00ed.\u00a0 Hem apr\u00e9s a tocar molt instruments de percussi\u00f3 i ritmes de carnaval. A m\u00e9s, aquest curs\u00a0amb el suport de l\u2019Ajuntament de Cornell\u00e0&hellip;  <a href=\"https:\/\/agora.xtec.cat\/ceip-santildefons-cornella\/general\/els-alumnes-de-6e-estan-preparant-la-batucada\/\" title=\"Read Els alumnes de 6\u00e8 estan preparant la batucada\">Llegeix m\u00e9s\u00bb<\/a><\/p>\n","protected":false},"author":32,"featured_media":2239,"comment_status":"open","ping_status":"closed","sticky":false,"template":"","format":"standard","meta":{"_bbp_topic_count":0,"_bbp_reply_count":0,"_bbp_total_topic_count":0,"_bbp_total_reply_count":0,"_bbp_voice_count":0,"_bbp_anonymous_reply_count":0,"_bbp_topic_count_hidden":0,"_bbp_reply_count_hidden":0,"_bbp_forum_subforum_count":0,"footnotes":""},"categories":[15,1,74,4],"tags":[140,139,42],"class_list":["post-2238","post","type-post","status-publish","format-standard","has-post-thumbnail","hentry","category-6e","category-general","category-musica","category-portada","tag-batucada","tag-carnaval","tag-musica"],"post_mailing_queue_ids":[],"_links":{"self":[{"href":"https:\/\/agora.xtec.cat\/ceip-santildefons-cornella\/wp-json\/wp\/v2\/posts\/2238","targetHints":{"allow":["GET"]}}],"collection":[{"href":"https:\/\/agora.xtec.cat\/ceip-santildefons-cornella\/wp-json\/wp\/v2\/posts"}],"about":[{"href":"https:\/\/agora.xtec.cat\/ceip-santildefons-cornella\/wp-json\/wp\/v2\/types\/post"}],"author":[{"embeddable":true,"href":"https:\/\/agora.xtec.cat\/ceip-santildefons-cornella\/wp-json\/wp\/v2\/users\/32"}],"replies":[{"embeddable":true,"href":"https:\/\/agora.xtec.cat\/ceip-santildefons-cornella\/wp-json\/wp\/v2\/comments?post=2238"}],"version-history":[{"count":4,"href":"https:\/\/agora.xtec.cat\/ceip-santildefons-cornella\/wp-json\/wp\/v2\/posts\/2238\/revisions"}],"predecessor-version":[{"id":2550,"href":"https:\/\/agora.xtec.cat\/ceip-santildefons-cornella\/wp-json\/wp\/v2\/posts\/2238\/revisions\/2550"}],"wp:featuredmedia":[{"embeddable":true,"href":"https:\/\/agora.xtec.cat\/ceip-santildefons-cornella\/wp-json\/wp\/v2\/media\/2239"}],"wp:attachment":[{"href":"https:\/\/agora.xtec.cat\/ceip-santildefons-cornella\/wp-json\/wp\/v2\/media?parent=2238"}],"wp:term":[{"taxonomy":"category","embeddable":true,"href":"https:\/\/agora.xtec.cat\/ceip-santildefons-cornella\/wp-json\/wp\/v2\/categories?post=2238"},{"taxonomy":"post_tag","embeddable":true,"href":"https:\/\/agora.xtec.cat\/ceip-santildefons-cornella\/wp-json\/wp\/v2\/tags?post=2238"}],"curies":[{"name":"wp","href":"https:\/\/api.w.org\/{rel}","templated":true}]}}