{"id":2031,"date":"2017-10-10T15:34:18","date_gmt":"2017-10-10T13:34:18","guid":{"rendered":"http:\/\/agora.xtec.cat\/ceip-santildefons-cornella\/?p=2031"},"modified":"2017-10-16T15:38:39","modified_gmt":"2017-10-16T13:38:39","slug":"cros-escolar-a-can-mercader","status":"publish","type":"post","link":"https:\/\/agora.xtec.cat\/ceip-santildefons-cornella\/general\/cros-escolar-a-can-mercader\/","title":{"rendered":"Cros escolar a Can Mercader"},"content":{"rendered":"<p><a href=\"http:\/\/agora.xtec.cat\/ceip-santildefons-cornella\/wp-content\/uploads\/usu544\/2017\/10\/Cartell-Cros-Escolar-2017_result.jpg\"><img loading=\"lazy\" decoding=\"async\" class=\"size-full wp-image-2032 aligncenter\" src=\"http:\/\/agora.xtec.cat\/ceip-santildefons-cornella\/wp-content\/uploads\/usu544\/2017\/10\/Cartell-Cros-Escolar-2017_result.jpg\" alt=\"\" width=\"542\" height=\"768\" srcset=\"https:\/\/agora.xtec.cat\/ceip-santildefons-cornella\/wp-content\/uploads\/usu544\/2017\/10\/Cartell-Cros-Escolar-2017_result.jpg 542w, https:\/\/agora.xtec.cat\/ceip-santildefons-cornella\/wp-content\/uploads\/usu544\/2017\/10\/Cartell-Cros-Escolar-2017_result-212x300.jpg 212w\" sizes=\"auto, (max-width: 542px) 100vw, 542px\" \/><\/a><\/p>\n<p>Aquest <strong><u>di<\/u><u>ssabte 14<\/u><u>\u00a0d<\/u><u>\u2019octubre<\/u><\/strong>\u00a0es celebra\u00a0el 54\u00e8\u00a0<strong><u>C<\/u><\/strong><strong><u>ros Comarcal\u00a0<\/u><\/strong>organitzat\u00a0pel Consell Esportiu del Baix Llobregat i l\u2019Ajuntament de Cornell\u00e0. Est\u00e0 destinat a nens i nenes <strong>nascuts entre el 2012 i el 2000<\/strong> d\u2019escoles i instituts de Cornell\u00e0. Com a escola Sant Ildefons hem inscrit molts nens i els que no ho heu fet podeu fer en el seg\u00fcent enlla\u00e7:<\/p>\n<p><a href=\"https:\/\/docs.google.com\/forms\/d\/e\/1FAIpQLSdXqBvFbfNXvfxOVrn3jkqiHr1uagc_Lyjqm9uRkXWy0vfKyw\/viewform\" target=\"_blank\" rel=\"noopener noreferrer\" data-saferedirecturl=\"https:\/\/www.google.com\/url?hl=ca&amp;q=https:\/\/docs.google.com\/forms\/d\/e\/1FAIpQLSdXqBvFbfNXvfxOVrn3jkqiHr1uagc_Lyjqm9uRkXWy0vfKyw\/viewform&amp;source=gmail&amp;ust=1507382253403000&amp;usg=AFQjCNGbmJQYJmZ-NbrzXbNJxwOy4c1TvA\"><strong>Inscripcions al 54\u00e8\u00a0Cros\u00a0Comarcal a Can Mercader<\/strong><\/a><\/p>\n<p>Data l\u00edmit d\u2019inscripci\u00f3 :<strong>\u200b9<\/strong><strong>\u00a0d\u2019octubre<\/strong>.<\/p>\n<p>Animeu-vos a participar!<\/p>\n<p>&nbsp;<\/p>\n<p>A continuaci\u00f3 us adjunto les classificacions del 1r Cros Comarcal Escolar del passat dissabte 14 d\u2019octubre al Parc Can Mercader on podreu localitzar als vostres alumnes que van participar.<\/p>\n<p>&nbsp;<\/p>\n<p>Podeu consultar els resultats al seg\u00fcent enlla\u00e7 de la nostra p\u00e0gina web:<\/p>\n<h2 style=\"text-align: left;\"><strong><a href=\"http:\/\/cebllob.org\/wp-content\/uploads\/2017\/10\/Classificacions-Cros-Cornell%C3%A0-14-10-2017.pdf\" data-saferedirecturl=\"https:\/\/www.google.com\/url?hl=ca&amp;q=http:\/\/cebllob.org\/wp-content\/uploads\/2017\/10\/Classificacions-Cros-Cornell%25C3%25A0-14-10-2017.pdf&amp;source=gmail&amp;ust=1508246748301000&amp;usg=AFQjCNHeq4W08h_rB09NAqDC78XRwkezmA\">Classificacions<\/a><\/strong><\/h2>\n<p>&nbsp;<\/p>\n<p>&nbsp;<\/p>\n<p>&nbsp;<\/p>\n","protected":false},"excerpt":{"rendered":"<p><a href=\"http:\/\/agora.xtec.cat\/ceip-santildefons-cornella\/wp-content\/uploads\/usu544\/2017\/10\/Cartell-Cros-Escolar-2017_result.jpg\"><\/a><br \/>\nAquest dissabte 14\u00a0d\u2019octubre\u00a0es celebra\u00a0el 54\u00e8\u00a0Cros Comarcal\u00a0organitzat\u00a0pel Consell Esportiu del Baix Llobregat i l\u2019Ajuntament de Cornell\u00e0. Est\u00e0 destinat a nens i nenes nascuts entre el 2012 i el 2000 d\u2019escoles i instituts de Cornell\u00e0. Com a escola Sant Ildefons hem inscrit molts nens i els&hellip;  <a href=\"https:\/\/agora.xtec.cat\/ceip-santildefons-cornella\/general\/cros-escolar-a-can-mercader\/\" title=\"Read Cros escolar a Can Mercader\">Llegeix m\u00e9s\u00bb<\/a><\/p>\n","protected":false},"author":5,"featured_media":2032,"comment_status":"open","ping_status":"closed","sticky":false,"template":"","format":"standard","meta":{"_bbp_topic_count":0,"_bbp_reply_count":0,"_bbp_total_topic_count":0,"_bbp_total_reply_count":0,"_bbp_voice_count":0,"_bbp_anonymous_reply_count":0,"_bbp_topic_count_hidden":0,"_bbp_reply_count_hidden":0,"_bbp_forum_subforum_count":0,"footnotes":""},"categories":[76,1,4,5],"tags":[79],"class_list":["post-2031","post","type-post","status-publish","format-standard","has-post-thumbnail","hentry","category-educacio-fisica","category-general","category-portada","category-primaria","tag-cross"],"post_mailing_queue_ids":[],"_links":{"self":[{"href":"https:\/\/agora.xtec.cat\/ceip-santildefons-cornella\/wp-json\/wp\/v2\/posts\/2031","targetHints":{"allow":["GET"]}}],"collection":[{"href":"https:\/\/agora.xtec.cat\/ceip-santildefons-cornella\/wp-json\/wp\/v2\/posts"}],"about":[{"href":"https:\/\/agora.xtec.cat\/ceip-santildefons-cornella\/wp-json\/wp\/v2\/types\/post"}],"author":[{"embeddable":true,"href":"https:\/\/agora.xtec.cat\/ceip-santildefons-cornella\/wp-json\/wp\/v2\/users\/5"}],"replies":[{"embeddable":true,"href":"https:\/\/agora.xtec.cat\/ceip-santildefons-cornella\/wp-json\/wp\/v2\/comments?post=2031"}],"version-history":[{"count":3,"href":"https:\/\/agora.xtec.cat\/ceip-santildefons-cornella\/wp-json\/wp\/v2\/posts\/2031\/revisions"}],"predecessor-version":[{"id":2036,"href":"https:\/\/agora.xtec.cat\/ceip-santildefons-cornella\/wp-json\/wp\/v2\/posts\/2031\/revisions\/2036"}],"wp:featuredmedia":[{"embeddable":true,"href":"https:\/\/agora.xtec.cat\/ceip-santildefons-cornella\/wp-json\/wp\/v2\/media\/2032"}],"wp:attachment":[{"href":"https:\/\/agora.xtec.cat\/ceip-santildefons-cornella\/wp-json\/wp\/v2\/media?parent=2031"}],"wp:term":[{"taxonomy":"category","embeddable":true,"href":"https:\/\/agora.xtec.cat\/ceip-santildefons-cornella\/wp-json\/wp\/v2\/categories?post=2031"},{"taxonomy":"post_tag","embeddable":true,"href":"https:\/\/agora.xtec.cat\/ceip-santildefons-cornella\/wp-json\/wp\/v2\/tags?post=2031"}],"curies":[{"name":"wp","href":"https:\/\/api.w.org\/{rel}","templated":true}]}}