{"id":2002,"date":"2017-06-22T12:49:32","date_gmt":"2017-06-22T10:49:32","guid":{"rendered":"http:\/\/agora.xtec.cat\/ceip-santildefons-cornella\/?p=2002"},"modified":"2017-06-22T12:54:59","modified_gmt":"2017-06-22T10:54:59","slug":"revetlles-amb-precaucio","status":"publish","type":"post","link":"https:\/\/agora.xtec.cat\/ceip-santildefons-cornella\/general\/revetlles-amb-precaucio\/","title":{"rendered":"Bon Estiu!! i recordeu!! Revetlles amb precauci\u00f3"},"content":{"rendered":"<p>Desde l&#8217;Escola Sant Ildefons us desitgem unes bones vacances i sobretot a les festes com la de Sant Joan, aspectes que hem de tenir en compte.<\/p>\n<p>Amb l&#8217;estiu arriben a Catalunya les celebracions de festes populars i tradicionals com les revetlles, amb l&#8217;increment de l&#8217;\u00fas de material pirot\u00e8cnic i l&#8217;encesa de fogueres.<\/p>\n<p>Els consells de protecci\u00f3 civil volen ajudar a minimitzar els riscos que comporta l&#8217;\u00fas d&#8217;aquest material, riscos davant dels quals s\u00f3n vulnerables tant les persones com el medi natural.<\/p>\n<p>https:\/\/youtu.be\/3wWZSDzPKW8<\/p>\n<p>&nbsp;<\/p>\n<h1><span style=\"color: #ff00ff;\"><strong>Consells per als petards<\/strong><\/span><\/h1>\n<p><span style=\"color: #800080;\"><strong>Abans de manipular els petards<\/strong><\/span><\/p>\n<p>Assegureu-vos de comprar els productes pirot\u00e8cnics homologats en un establiment autoritzat.<br \/>\nNo us guardeu petards a les butxaques.<br \/>\nCal llegir les instruccions de cada article.<\/p>\n<p><span style=\"color: #800080;\"><strong>En encendre els petards<\/strong><\/span><\/p>\n<p>No subjecteu els petards amb les mans.<br \/>\nNo poseu els petards a prop de la cara ni del cos.<br \/>\nUtilitzeu mitjans segurs per encendre el material pirot\u00e8cnic: metxes i similars.<br \/>\nEnceneu sempre la metxa per l\u2019extrem, perqu\u00e8 us doni temps d\u2019enretirar-vos.<br \/>\nSi un petard no s\u2019enc\u00e9n b\u00e9, no el toqueu fins al cap de mitja hora i remulleu-lo.<br \/>\nNo llanceu mai petards contra ning\u00fa.<\/p>\n<p><strong><span style=\"color: #800080;\">On encendre els petards amb seguretat<\/span><\/strong><\/p>\n<p>No llanceu coets a menys de 500 metres de zones boscoses ni en aglomeracions de persones.<br \/>\nAls llocs on es facin revetlles cal recollir la roba estesa i els tendals, i tancar portes i finestres.<br \/>\nNo encengueu cap petard dins les cases.<br \/>\nNo llanceu ni manipuleu petards des de balconades ni finestres.<br \/>\nVigileu que no hi hagi a la vora l\u00edquids inflamables. S\u2019encenen f\u00e0cilment i els vapors poden explotar.<\/p>\n<p><span style=\"color: #800080;\"><strong>No manipuleu els petards<\/strong><\/span><\/p>\n<p>No talleu el tros final de les traques, poden explotar amb viol\u00e8ncia.<br \/>\nNo fiqueu mai petards dins de totxanes ni ampolles, perqu\u00e8 en explotar fan metralla que pot fer molt de mal.<\/p>\n<p>No us guardeu petards a les butxaques<\/p>\n<p>No us guardeu petards a les butxaques<br \/>\nNo llanceu petards contra ning\u00fa<\/p>\n<p>No llanceu petards contra ning\u00fa<br \/>\nNo llanceu coets a menys de 500 metres de zones boscoses ni en aglomeracions de persones<\/p>\n<p>No llanceu coets a menys de 500 metres de zones boscoses ni en aglomeracions de persones<br \/>\nNo manipuleu petards<\/p>\n<p>No manipuleu petards<\/p>\n<h1><span style=\"color: #ff00ff;\">Consells per a les fogueres<\/span><\/h1>\n<p><span style=\"color: #333399;\"><strong>Consells per als ve\u00efns<\/strong><\/span><\/p>\n<p>Procureu que tots els edificis ve\u00efns tinguin les finestres i els balcons tancats, no fos cas que les guspires o algun coet perdut entressin en algun habitatge i provoquessin un incendi.<br \/>\nPlegueu els tendals que hi pugui haver a les terrasses.<br \/>\nRespecteu la dist\u00e0ncia de 15 metres respecte dels cotxes aparcats.<br \/>\nNo heu de permetre mai que ning\u00fa salti damunt les brases.<br \/>\nNecessiteu un perm\u00eds: heu de comunicar a l&#8217;ajuntament la situaci\u00f3 de les fogueres.<br \/>\nLes fogueres han de permetre el pas dels vehicles d\u2019emerg\u00e8ncia.<\/p>\n<p><span style=\"color: #333399;\"><strong>El lloc a escollir<\/strong><\/span><\/p>\n<p>No feu fogueres enlloc sense tenir l&#8217;autoritzaci\u00f3 corresponent.<\/p>\n<p>No feu la foguera a menys de 15 metres de la fa\u00e7ana de cap edificaci\u00f3.<br \/>\nEst\u00e0 prohibit fer foc a tots els terrenys forestals de Catalunya, tant si estan poblats d&#8217;esp\u00e8cies arb\u00f2ries com si no, i a la franja de 500 metres que els envolta.<br \/>\nSobretot, vigileu el pas de les l\u00ednies el\u00e8ctriques, telef\u00f2niques, etc.<br \/>\nSi penseu fer la foguera en un solar, abans deixeu-lo net de bardisses o de materials inflamables.<br \/>\nSi la voleu fer al carrer, procureu que hi hagi obert un pas per als vehicles d&#8217;urg\u00e8ncia.<br \/>\nPer no fer malb\u00e9 el paviment, poseu terra o sorra (un m\u00ednim de 10 cm de gruix). Si el paviment \u00e9s d&#8217;asfalt, aquesta precauci\u00f3 \u00e9s imprescindible, de la mateixa manera que \u00e9s obligatori el perm\u00eds de l&#8217;ajuntament.<br \/>\nNo feu la foguera prop d&#8217;un env\u00e0 pluvial, ja que la dilataci\u00f3 provocada per la calor podria enderrocar-lo.<\/p>\n<p><span style=\"color: #333399;\"><strong>Els materials<\/strong><\/span><\/p>\n<p>Heu d&#8217;anar amb compte amb el que cremareu. Han de ser coses que deixin brasa, sobretot de fusta.<br \/>\nNo cremeu papers ni teixits, perqu\u00e8 el vent els pot enlairar. No utilitzeu mai bidons, llaunes o esprais, ja que poden explotar, ni pneum\u00e0tics ni pl\u00e0stics, pels seus efectes contaminants.<br \/>\nEn general, feu la foguera petita i, si sobren materials, aneu-los-hi afegint a poc a poc.<br \/>\nEncara que sigui m\u00e9s lent i menys espectacular, heu d&#8217;encendre la foguera per diferents focus, de paper, de palla, etc. No feu servir mai gasolina ni qualsevol l\u00edquid inflamable.<br \/>\nSi fa vent, \u00e9s millor que deixeu la festa per un altre any, no la convert\u00edssim en una trag\u00e8dia.<\/p>\n<p><span style=\"color: #333399;\"><strong>Apagueu la foguera<\/strong><\/span><\/p>\n<p>Tingueu en tot moment algun mitj\u00e0 per apagar la foguera (galledes d&#8217;aigua, m\u00e0negues, extintors, etc.).<br \/>\nVigileu la foguera fins que quedi del tot extingida i, sobretot, ruixeu el caliu perqu\u00e8 no hi pugui haver accidents.<\/p>\n","protected":false},"excerpt":{"rendered":"<p>Desde l&#8217;Escola Sant Ildefons us desitgem unes bones vacances i sobretot a les festes com la de Sant Joan, aspectes que hem de tenir en compte.<br \/>\nAmb l&#8217;estiu arriben a Catalunya les celebracions de festes populars i tradicionals com les revetlles, amb l&#8217;increment de l&#8217;\u00fas de&hellip;  <a href=\"https:\/\/agora.xtec.cat\/ceip-santildefons-cornella\/general\/revetlles-amb-precaucio\/\" title=\"Read Bon Estiu!! i recordeu!! Revetlles amb precauci\u00f3\">Llegeix m\u00e9s\u00bb<\/a><\/p>\n","protected":false},"author":5,"featured_media":2003,"comment_status":"open","ping_status":"closed","sticky":false,"template":"","format":"standard","meta":{"_bbp_topic_count":0,"_bbp_reply_count":0,"_bbp_total_topic_count":0,"_bbp_total_reply_count":0,"_bbp_voice_count":0,"_bbp_anonymous_reply_count":0,"_bbp_topic_count_hidden":0,"_bbp_reply_count_hidden":0,"_bbp_forum_subforum_count":0,"footnotes":""},"categories":[1,4],"tags":[129],"class_list":["post-2002","post","type-post","status-publish","format-standard","has-post-thumbnail","hentry","category-general","category-portada","tag-revetlla-de-sant-joan"],"post_mailing_queue_ids":[],"_links":{"self":[{"href":"https:\/\/agora.xtec.cat\/ceip-santildefons-cornella\/wp-json\/wp\/v2\/posts\/2002","targetHints":{"allow":["GET"]}}],"collection":[{"href":"https:\/\/agora.xtec.cat\/ceip-santildefons-cornella\/wp-json\/wp\/v2\/posts"}],"about":[{"href":"https:\/\/agora.xtec.cat\/ceip-santildefons-cornella\/wp-json\/wp\/v2\/types\/post"}],"author":[{"embeddable":true,"href":"https:\/\/agora.xtec.cat\/ceip-santildefons-cornella\/wp-json\/wp\/v2\/users\/5"}],"replies":[{"embeddable":true,"href":"https:\/\/agora.xtec.cat\/ceip-santildefons-cornella\/wp-json\/wp\/v2\/comments?post=2002"}],"version-history":[{"count":3,"href":"https:\/\/agora.xtec.cat\/ceip-santildefons-cornella\/wp-json\/wp\/v2\/posts\/2002\/revisions"}],"predecessor-version":[{"id":2006,"href":"https:\/\/agora.xtec.cat\/ceip-santildefons-cornella\/wp-json\/wp\/v2\/posts\/2002\/revisions\/2006"}],"wp:featuredmedia":[{"embeddable":true,"href":"https:\/\/agora.xtec.cat\/ceip-santildefons-cornella\/wp-json\/wp\/v2\/media\/2003"}],"wp:attachment":[{"href":"https:\/\/agora.xtec.cat\/ceip-santildefons-cornella\/wp-json\/wp\/v2\/media?parent=2002"}],"wp:term":[{"taxonomy":"category","embeddable":true,"href":"https:\/\/agora.xtec.cat\/ceip-santildefons-cornella\/wp-json\/wp\/v2\/categories?post=2002"},{"taxonomy":"post_tag","embeddable":true,"href":"https:\/\/agora.xtec.cat\/ceip-santildefons-cornella\/wp-json\/wp\/v2\/tags?post=2002"}],"curies":[{"name":"wp","href":"https:\/\/api.w.org\/{rel}","templated":true}]}}