{"id":1685,"date":"2017-03-24T12:31:30","date_gmt":"2017-03-24T11:31:30","guid":{"rendered":"http:\/\/agora.xtec.cat\/ceip-santildefons-cornella\/?p=1685"},"modified":"2017-03-24T12:36:06","modified_gmt":"2017-03-24T11:36:06","slug":"escola-de-pares-i-mares","status":"publish","type":"post","link":"https:\/\/agora.xtec.cat\/ceip-santildefons-cornella\/general\/escola-de-pares-i-mares\/","title":{"rendered":"Escola de pares i mares"},"content":{"rendered":"<p>Des de fa ja uns quants cursos vam iniciar el projecte &#8220;Escola de mares i pares&#8221;. Aquest projecte, que es du a terme des de P-3 a 4t, consisteix en crear un espai pel debat, centrat en temes relacionats amb l&#8217;educaci\u00f3 dels nens i les nenes. Aquestes trobades a part de ser molt \u00fatils per entendre millor diferents aspectes relacionats, tant amb el desenvolupament dels infants com amb processos de caire m\u00e9s escolar, tamb\u00e9 s\u00f3n una oportunitat per refor\u00e7ar el vincle necessari entre escola-fam\u00edlia.<\/p>\n<p>Aquest curs s&#8217;han triat els seg\u00fcents temes de debat:<\/p>\n<p><strong>P3 Els h\u00e0bits en general<\/strong><\/p>\n<p><strong>P4 L&#8217;h\u00e0bit de dormir<\/strong><\/p>\n<p><strong>P5 Els l\u00edmits<\/strong><\/p>\n<p><strong>1r La import\u00e0ncia de l&#8217;h\u00e0bit de lectura<\/strong><\/p>\n<p><strong>2n Els deures<\/strong><\/p>\n<p><strong>3r L&#8217;autot\u00f2mia personal<\/strong><\/p>\n<p><strong>4t La responsabilitat<\/strong><\/p>\n","protected":false},"excerpt":{"rendered":"<p>Des de fa ja uns quants cursos vam iniciar el projecte &#8220;Escola de mares i pares&#8221;. Aquest projecte, que es du a terme des de P-3 a 4t, consisteix en crear un espai pel debat, centrat en temes relacionats amb l&#8217;educaci\u00f3 dels nens i les&hellip;  <a href=\"https:\/\/agora.xtec.cat\/ceip-santildefons-cornella\/general\/escola-de-pares-i-mares\/\" title=\"Read Escola de pares i mares\">Llegeix m\u00e9s\u00bb<\/a><\/p>\n","protected":false},"author":4,"featured_media":1686,"comment_status":"open","ping_status":"open","sticky":false,"template":"","format":"standard","meta":{"_bbp_topic_count":0,"_bbp_reply_count":0,"_bbp_total_topic_count":0,"_bbp_total_reply_count":0,"_bbp_voice_count":0,"_bbp_anonymous_reply_count":0,"_bbp_topic_count_hidden":0,"_bbp_reply_count_hidden":0,"_bbp_forum_subforum_count":0,"footnotes":""},"categories":[10,11,12,13,1,3,8,9,2,4,5],"tags":[],"class_list":["post-1685","post","type-post","status-publish","format-standard","has-post-thumbnail","hentry","category-1r","category-2n","category-3r","category-4t","category-general","category-i3","category-i4","category-i5","category-infantil","category-portada","category-primaria"],"post_mailing_queue_ids":[],"_links":{"self":[{"href":"https:\/\/agora.xtec.cat\/ceip-santildefons-cornella\/wp-json\/wp\/v2\/posts\/1685","targetHints":{"allow":["GET"]}}],"collection":[{"href":"https:\/\/agora.xtec.cat\/ceip-santildefons-cornella\/wp-json\/wp\/v2\/posts"}],"about":[{"href":"https:\/\/agora.xtec.cat\/ceip-santildefons-cornella\/wp-json\/wp\/v2\/types\/post"}],"author":[{"embeddable":true,"href":"https:\/\/agora.xtec.cat\/ceip-santildefons-cornella\/wp-json\/wp\/v2\/users\/4"}],"replies":[{"embeddable":true,"href":"https:\/\/agora.xtec.cat\/ceip-santildefons-cornella\/wp-json\/wp\/v2\/comments?post=1685"}],"version-history":[{"count":2,"href":"https:\/\/agora.xtec.cat\/ceip-santildefons-cornella\/wp-json\/wp\/v2\/posts\/1685\/revisions"}],"predecessor-version":[{"id":1688,"href":"https:\/\/agora.xtec.cat\/ceip-santildefons-cornella\/wp-json\/wp\/v2\/posts\/1685\/revisions\/1688"}],"wp:featuredmedia":[{"embeddable":true,"href":"https:\/\/agora.xtec.cat\/ceip-santildefons-cornella\/wp-json\/wp\/v2\/media\/1686"}],"wp:attachment":[{"href":"https:\/\/agora.xtec.cat\/ceip-santildefons-cornella\/wp-json\/wp\/v2\/media?parent=1685"}],"wp:term":[{"taxonomy":"category","embeddable":true,"href":"https:\/\/agora.xtec.cat\/ceip-santildefons-cornella\/wp-json\/wp\/v2\/categories?post=1685"},{"taxonomy":"post_tag","embeddable":true,"href":"https:\/\/agora.xtec.cat\/ceip-santildefons-cornella\/wp-json\/wp\/v2\/tags?post=1685"}],"curies":[{"name":"wp","href":"https:\/\/api.w.org\/{rel}","templated":true}]}}