{"id":1626,"date":"2017-03-09T13:35:54","date_gmt":"2017-03-09T12:35:54","guid":{"rendered":"http:\/\/agora.xtec.cat\/ceip-santildefons-cornella\/?p=1626"},"modified":"2017-03-09T13:36:47","modified_gmt":"2017-03-09T12:36:47","slug":"visita-a-lajuntament-de-cornella","status":"publish","type":"post","link":"https:\/\/agora.xtec.cat\/ceip-santildefons-cornella\/portada\/visita-a-lajuntament-de-cornella\/","title":{"rendered":"Visita a l&#8217;Ajuntament de Cornell\u00e0"},"content":{"rendered":"<p>El dimecres dia 8 de Mar\u00e7 vam anar a con\u00e8ixer l&#8217;Ajuntament de la nostre ciutat, all\u00e0 ens va rebre l&#8217;Alcalde. A qui li vem poder fer moltes preguntes. El dia 15 de Mar\u00e7 vindr\u00e0 a la nostre Escola.<\/p>\n<div id=\"15BEE\" style=\"width:600px;height:400px\">\n<img decoding=\"async\" src=\"https:\/\/lh3.googleusercontent.com\/uAw2v2JP2yQfxKLmAvSjo-VkDrYH1mAgOi9Z5LKqVVpgU9wO18s5ggSaDFvYrvYcM3lrP6zDJ0rCUXc-ID1d7qKgr1nHITI9QuY-DMm6shoyDQIvrR-p14TiEsfw4fKN2K0O76V_tMBtQWxK71mJWBir_WHZ2VUzEonJzjU1EykA4yNcnu91jB_F5w3fub4E-2jTxAJdT1vbLQHQ4YRmxKFm9GevarCzEJ3tIzFFkDfvfg8IcxqusFBzQYMl4ueLdFNDamwbHaHWRcU_J8x2rNPKetYLt3GUve37TvekP-B2-duh_7GKb8zn_ZjDKuYGjHiEZSvFCrV19m3UWgQybvbrInu3D8qhG8B040q8t9SlZ3YezNtkiKW2ZHou4FYQtshiTw0APXwaIFgUSe21yy5CjhaBn_LMkWNWndoFINsHvdASe9A_me4sRxTfH2rWx5kbyxF0bc2Ii79xdM4LvEZf0fIEoKfgvXQtdjpwRsunEgTqG7LHHfIcCkMBb2zTKeSqiVb3e9QGNnm0an_h0kwDsYRi0XZ-WANuXJKjzoDy0mUSbKsp6WFV1VnRU3kp17B3HqPLM-aWNQaHsDGJnEdkO6_DBzF3a4pCrNBoBYyfa8hAMxs=w800-h600-no\"><br \/>\n<img decoding=\"async\" src=\"https:\/\/lh3.googleusercontent.com\/5be-F0VtgxrLM-_3wNWV0pbfl_qAatJ5E-kVC0D-2lUtb1kr-CXt1MLUWv8xU25XRyhSJctUKhYu5wjGN1__mSilIE_R3chSA7EjC2ozt1HTxEAo11xiC62S34sfEFtWtjTydJ3zciCqxR8scXi2xkPMtLl1cGJjOj06VXE6gAJUwu_RprkuSwM_UkMYDI4qKhcGbBeuhhIa1hSvB1A-f35e1y5SHBrJNnaQX4DrGkF4cSJFFgVddRQ06e6vfnSyIQOH_ntgkpxbMLxJAz8n226qkYhueFzsgJG6W4yE3iMmGYT24kmEzjukAPOx2SkU2ttkdozpZGbbxNETCP35BkfP_puQU9WmPGQThkF6yOdvfoZcwGJTAi43Er5ljYTX4b-453lnAewt-DUhUUVQgZTfpaEL1Iw0k_GPfImhiariYctFGfKZ8vOJThCtbqPMcIz018Nq5MpgRHHUqggFxselIpXD2pkE7YtkvSV7MKPhfJ751eebnMX3JWLKPhk6TvyrccpXFMzlv-FMi0dEv9YkGSaTOZnnTdDHQxHLmc95c3HL2X9Qtx9q9qMbzL7KPQZwTHjdefw2idCaDBguu6x0ImZRxSP-5e_lG8vya6WPptxcV_U=w800-h600-no\"><br \/>\n<img decoding=\"async\" src=\"https:\/\/lh3.googleusercontent.com\/sMNbpXhT7lcD6XRVf9vc7VMn7f0YxnCltOdD0Oe5cRBkUBLntRMXrV1yCpHwMij_DPKdg6g-PG7QS5NRQncIV0N-RWOXICZrGyck-I3oYYZQDlCGK1uzWIRVefthLwq0zEabkVkhgFAcldfhPNzkujyfYWCJOrXzTt415C2KofeNVLZC2DkpBshWhBXpepg3uolP2p8HVclxfTobNZLJjSEHH2BPSpXwfl9kG3X0EWWO4N0Nd3JGBNdoMZ9ZPUJQNXweAJ64vtJ24t8TyvCGai7RTO7E8wZqI4AFfXKItR__RPns3WTBPkDf_mPX4Mr0J-gc9_s9XF00U3QVJ9pMVDEX-vsIDjMxmmqQSWghR7JhmMv05fzczjy0JbbkRS64wrErFk0mkRoVzzhIlILxLR9roW1jyrRylGbXOem4NiVyqjyYad80PkLv061NVbQp662CchIW4Nnm2gRXwpA4nKpv44Z37FgLiH-P4IsBjtKSgJ0P14blz-Rc6h47bMmNWFwuWHA1rM38qPxYqdy-s6rva0oHhPX4fhu1zeL4Y8OPE94WIrYBnT9r6yQX3OfqOZRuAE1jaaM_RQqwx1ZUlSF5tqvrfhMYV7sSWggyq9D869cs9vU=w800-h600-no\">\n<\/div>\n<p><script type=\"text\/javascript\" src=\"https:\/\/cdn.jsdelivr.net\/jquery\/1.12.3\/jquery.min.js\"><\/script><script>\n(MyGalleries=(typeof MyGalleries === 'undefined' ? [] : MyGalleries)).push({gallId:'#15BEE',autoplay:true,lightbox:true,popupLinks:true});\nif(typeof GalleryLoaded === 'undefined'){\n GalleryLoaded = jQuery(function(){\n  jQuery.ajax({url:'https:\/\/cdn.jsdelivr.net\/galleria\/1.4.2\/galleria.min.js',dataType:'script',cache:true}).done(function(){\n   Galleria.loadTheme('https:\/\/cdn.jsdelivr.net\/galleria\/1.4.2\/themes\/classic\/galleria.classic.js');\n   for(var n in MyGalleries){Galleria.run(MyGalleries[n].gallId, MyGalleries[n]);jQuery(MyGalleries[n].gallId).css('display','block');}\n  });\n });\n}\n<\/script><\/p>\n","protected":false},"excerpt":{"rendered":"<p>El dimecres dia 8 de Mar\u00e7 vam anar a con\u00e8ixer l&#8217;Ajuntament de la nostre ciutat, all\u00e0 ens va rebre l&#8217;Alcalde. A qui li vem poder fer moltes preguntes. El dia 15 de Mar\u00e7 vindr\u00e0 a la nostre Escola.<\/p>\n","protected":false},"author":1,"featured_media":1627,"comment_status":"open","ping_status":"open","sticky":false,"template":"","format":"standard","meta":{"_bbp_topic_count":0,"_bbp_reply_count":0,"_bbp_total_topic_count":0,"_bbp_total_reply_count":0,"_bbp_voice_count":0,"_bbp_anonymous_reply_count":0,"_bbp_topic_count_hidden":0,"_bbp_reply_count_hidden":0,"_bbp_forum_subforum_count":0,"footnotes":""},"categories":[12,4],"tags":[120],"class_list":["post-1626","post","type-post","status-publish","format-standard","has-post-thumbnail","hentry","category-3r","category-portada","tag-ajuntament"],"post_mailing_queue_ids":[],"_links":{"self":[{"href":"https:\/\/agora.xtec.cat\/ceip-santildefons-cornella\/wp-json\/wp\/v2\/posts\/1626","targetHints":{"allow":["GET"]}}],"collection":[{"href":"https:\/\/agora.xtec.cat\/ceip-santildefons-cornella\/wp-json\/wp\/v2\/posts"}],"about":[{"href":"https:\/\/agora.xtec.cat\/ceip-santildefons-cornella\/wp-json\/wp\/v2\/types\/post"}],"author":[{"embeddable":true,"href":"https:\/\/agora.xtec.cat\/ceip-santildefons-cornella\/wp-json\/wp\/v2\/users\/1"}],"replies":[{"embeddable":true,"href":"https:\/\/agora.xtec.cat\/ceip-santildefons-cornella\/wp-json\/wp\/v2\/comments?post=1626"}],"version-history":[{"count":3,"href":"https:\/\/agora.xtec.cat\/ceip-santildefons-cornella\/wp-json\/wp\/v2\/posts\/1626\/revisions"}],"predecessor-version":[{"id":1630,"href":"https:\/\/agora.xtec.cat\/ceip-santildefons-cornella\/wp-json\/wp\/v2\/posts\/1626\/revisions\/1630"}],"wp:featuredmedia":[{"embeddable":true,"href":"https:\/\/agora.xtec.cat\/ceip-santildefons-cornella\/wp-json\/wp\/v2\/media\/1627"}],"wp:attachment":[{"href":"https:\/\/agora.xtec.cat\/ceip-santildefons-cornella\/wp-json\/wp\/v2\/media?parent=1626"}],"wp:term":[{"taxonomy":"category","embeddable":true,"href":"https:\/\/agora.xtec.cat\/ceip-santildefons-cornella\/wp-json\/wp\/v2\/categories?post=1626"},{"taxonomy":"post_tag","embeddable":true,"href":"https:\/\/agora.xtec.cat\/ceip-santildefons-cornella\/wp-json\/wp\/v2\/tags?post=1626"}],"curies":[{"name":"wp","href":"https:\/\/api.w.org\/{rel}","templated":true}]}}