{"id":1338,"date":"2017-01-31T11:05:48","date_gmt":"2017-01-31T10:05:48","guid":{"rendered":"http:\/\/agora.xtec.cat\/ceip-santildefons-cornella\/?p=1338"},"modified":"2017-01-31T11:09:53","modified_gmt":"2017-01-31T10:09:53","slug":"la-batucada","status":"publish","type":"post","link":"https:\/\/agora.xtec.cat\/ceip-santildefons-cornella\/general\/la-batucada\/","title":{"rendered":"La batucada"},"content":{"rendered":"<p>La <b>batucada<\/b> \u00e9s una manifestaci\u00f3 musical consistent en un grup d&#8217;instruments de percussi\u00f3. Hem comen\u00e7at a treballar alguns ritmes amb baquetes, \u00e9s molt divertit! Dividim la classe en dos grups i cada grup toca ritmes diferents, per aix\u00f2 hem de mantindre el temps i intentar escoltar-nos els uns als altres. \u00c9s molt divertit!<a href=\"http:\/\/agora.xtec.cat\/ceip-santildefons-cornella\/wp-content\/uploads\/usu544\/2017\/01\/image1-1_result.jpg\"><img loading=\"lazy\" decoding=\"async\" class=\"alignnone size-large wp-image-1337\" src=\"http:\/\/agora.xtec.cat\/ceip-santildefons-cornella\/wp-content\/uploads\/usu544\/2017\/01\/image1-1_result-1024x768.jpg\" alt=\"image1-1_result\" width=\"1024\" height=\"768\" srcset=\"https:\/\/agora.xtec.cat\/ceip-santildefons-cornella\/wp-content\/uploads\/usu544\/2017\/01\/image1-1_result.jpg 1024w, https:\/\/agora.xtec.cat\/ceip-santildefons-cornella\/wp-content\/uploads\/usu544\/2017\/01\/image1-1_result-300x225.jpg 300w, https:\/\/agora.xtec.cat\/ceip-santildefons-cornella\/wp-content\/uploads\/usu544\/2017\/01\/image1-1_result-768x576.jpg 768w, https:\/\/agora.xtec.cat\/ceip-santildefons-cornella\/wp-content\/uploads\/usu544\/2017\/01\/image1-1_result-200x150.jpg 200w\" sizes=\"auto, (max-width: 1024px) 100vw, 1024px\" \/><\/a><\/p>\n","protected":false},"excerpt":{"rendered":"<p>La batucada \u00e9s una manifestaci\u00f3 musical consistent en un grup d&#8217;instruments de percussi\u00f3. Hem comen\u00e7at a treballar alguns ritmes amb baquetes, \u00e9s molt divertit! Dividim la classe en dos grups i cada grup toca ritmes diferents, per aix\u00f2 hem de mantindre el temps i intentar&hellip;  <a href=\"https:\/\/agora.xtec.cat\/ceip-santildefons-cornella\/general\/la-batucada\/\" title=\"Read La batucada\">Llegeix m\u00e9s\u00bb<\/a><\/p>\n","protected":false},"author":32,"featured_media":1337,"comment_status":"open","ping_status":"open","sticky":false,"template":"","format":"standard","meta":{"_bbp_topic_count":0,"_bbp_reply_count":0,"_bbp_total_topic_count":0,"_bbp_total_reply_count":0,"_bbp_voice_count":0,"_bbp_anonymous_reply_count":0,"_bbp_topic_count_hidden":0,"_bbp_reply_count_hidden":0,"_bbp_forum_subforum_count":0,"footnotes":""},"categories":[15,1,74,4],"tags":[42],"class_list":["post-1338","post","type-post","status-publish","format-standard","has-post-thumbnail","hentry","category-6e","category-general","category-musica","category-portada","tag-musica"],"post_mailing_queue_ids":[],"_links":{"self":[{"href":"https:\/\/agora.xtec.cat\/ceip-santildefons-cornella\/wp-json\/wp\/v2\/posts\/1338","targetHints":{"allow":["GET"]}}],"collection":[{"href":"https:\/\/agora.xtec.cat\/ceip-santildefons-cornella\/wp-json\/wp\/v2\/posts"}],"about":[{"href":"https:\/\/agora.xtec.cat\/ceip-santildefons-cornella\/wp-json\/wp\/v2\/types\/post"}],"author":[{"embeddable":true,"href":"https:\/\/agora.xtec.cat\/ceip-santildefons-cornella\/wp-json\/wp\/v2\/users\/32"}],"replies":[{"embeddable":true,"href":"https:\/\/agora.xtec.cat\/ceip-santildefons-cornella\/wp-json\/wp\/v2\/comments?post=1338"}],"version-history":[{"count":1,"href":"https:\/\/agora.xtec.cat\/ceip-santildefons-cornella\/wp-json\/wp\/v2\/posts\/1338\/revisions"}],"predecessor-version":[{"id":1339,"href":"https:\/\/agora.xtec.cat\/ceip-santildefons-cornella\/wp-json\/wp\/v2\/posts\/1338\/revisions\/1339"}],"wp:featuredmedia":[{"embeddable":true,"href":"https:\/\/agora.xtec.cat\/ceip-santildefons-cornella\/wp-json\/wp\/v2\/media\/1337"}],"wp:attachment":[{"href":"https:\/\/agora.xtec.cat\/ceip-santildefons-cornella\/wp-json\/wp\/v2\/media?parent=1338"}],"wp:term":[{"taxonomy":"category","embeddable":true,"href":"https:\/\/agora.xtec.cat\/ceip-santildefons-cornella\/wp-json\/wp\/v2\/categories?post=1338"},{"taxonomy":"post_tag","embeddable":true,"href":"https:\/\/agora.xtec.cat\/ceip-santildefons-cornella\/wp-json\/wp\/v2\/tags?post=1338"}],"curies":[{"name":"wp","href":"https:\/\/api.w.org\/{rel}","templated":true}]}}