{"id":1321,"date":"2017-01-27T10:23:24","date_gmt":"2017-01-27T09:23:24","guid":{"rendered":"http:\/\/agora.xtec.cat\/ceip-santildefons-cornella\/?p=1321"},"modified":"2017-01-30T10:44:17","modified_gmt":"2017-01-30T09:44:17","slug":"hola-soc-la-nusa","status":"publish","type":"post","link":"https:\/\/agora.xtec.cat\/ceip-santildefons-cornella\/general\/hola-soc-la-nusa\/","title":{"rendered":"Hola S\u00f3c La NUSA!"},"content":{"rendered":"<h2 style=\"text-align: center;\"><span style=\"color: #339966;\"><strong>Quina passada! Aquest any treballem com a projecte interdisciplinari \u201cEl turisme\u201d i hem tingut la sort que ens ha visitat una extraterrestre, pel que hem pogut saber el seu nom \u00e9s NUSA, i ve d\u2019una gal\u00e0xia molt llunyana. Ens ha deixat un v\u00eddeo, on ens explica perqu\u00e8 ha vingut a la terra.<\/strong><\/span><\/h2>\n<p><iframe loading=\"lazy\" src=\"https:\/\/player.vimeo.com\/video\/198816714\" width=\"640\" height=\"480\" frameborder=\"0\" allowfullscreen=\"allowfullscreen\"><\/iframe><\/p>\n<p><a href=\"https:\/\/vimeo.com\/198816714\">Nusa<\/a> from <a href=\"https:\/\/vimeo.com\/user45525499\">Jos\u00e9<\/a> on <a href=\"https:\/\/vimeo.com\">Vimeo<\/a>.<\/p>\n","protected":false},"excerpt":{"rendered":"<p>Quina passada! Aquest any treballem com a projecte interdisciplinari \u201cEl turisme\u201d i hem tingut la sort que ens ha visitat una extraterrestre, pel que hem pogut saber el seu nom \u00e9s NUSA, i ve d\u2019una gal\u00e0xia molt llunyana. Ens ha deixat un v\u00eddeo, on ens&hellip;  <a href=\"https:\/\/agora.xtec.cat\/ceip-santildefons-cornella\/general\/hola-soc-la-nusa\/\" title=\"Read Hola S\u00f3c La NUSA!\">Llegeix m\u00e9s\u00bb<\/a><\/p>\n","protected":false},"author":5,"featured_media":1323,"comment_status":"open","ping_status":"open","sticky":false,"template":"","format":"standard","meta":{"_bbp_topic_count":0,"_bbp_reply_count":0,"_bbp_total_topic_count":0,"_bbp_total_reply_count":0,"_bbp_voice_count":0,"_bbp_anonymous_reply_count":0,"_bbp_topic_count_hidden":0,"_bbp_reply_count_hidden":0,"_bbp_forum_subforum_count":0,"footnotes":""},"categories":[1,4],"tags":[105],"class_list":["post-1321","post","type-post","status-publish","format-standard","has-post-thumbnail","hentry","category-general","category-portada","tag-la-nusa"],"post_mailing_queue_ids":[],"_links":{"self":[{"href":"https:\/\/agora.xtec.cat\/ceip-santildefons-cornella\/wp-json\/wp\/v2\/posts\/1321","targetHints":{"allow":["GET"]}}],"collection":[{"href":"https:\/\/agora.xtec.cat\/ceip-santildefons-cornella\/wp-json\/wp\/v2\/posts"}],"about":[{"href":"https:\/\/agora.xtec.cat\/ceip-santildefons-cornella\/wp-json\/wp\/v2\/types\/post"}],"author":[{"embeddable":true,"href":"https:\/\/agora.xtec.cat\/ceip-santildefons-cornella\/wp-json\/wp\/v2\/users\/5"}],"replies":[{"embeddable":true,"href":"https:\/\/agora.xtec.cat\/ceip-santildefons-cornella\/wp-json\/wp\/v2\/comments?post=1321"}],"version-history":[{"count":3,"href":"https:\/\/agora.xtec.cat\/ceip-santildefons-cornella\/wp-json\/wp\/v2\/posts\/1321\/revisions"}],"predecessor-version":[{"id":1335,"href":"https:\/\/agora.xtec.cat\/ceip-santildefons-cornella\/wp-json\/wp\/v2\/posts\/1321\/revisions\/1335"}],"wp:featuredmedia":[{"embeddable":true,"href":"https:\/\/agora.xtec.cat\/ceip-santildefons-cornella\/wp-json\/wp\/v2\/media\/1323"}],"wp:attachment":[{"href":"https:\/\/agora.xtec.cat\/ceip-santildefons-cornella\/wp-json\/wp\/v2\/media?parent=1321"}],"wp:term":[{"taxonomy":"category","embeddable":true,"href":"https:\/\/agora.xtec.cat\/ceip-santildefons-cornella\/wp-json\/wp\/v2\/categories?post=1321"},{"taxonomy":"post_tag","embeddable":true,"href":"https:\/\/agora.xtec.cat\/ceip-santildefons-cornella\/wp-json\/wp\/v2\/tags?post=1321"}],"curies":[{"name":"wp","href":"https:\/\/api.w.org\/{rel}","templated":true}]}}