{"id":1159,"date":"2016-11-23T13:51:05","date_gmt":"2016-11-23T12:51:05","guid":{"rendered":"http:\/\/agora.xtec.cat\/ceip-santildefons-cornella\/?p=1159"},"modified":"2016-11-23T13:54:28","modified_gmt":"2016-11-23T12:54:28","slug":"grups-flexibles-a-1r","status":"publish","type":"post","link":"https:\/\/agora.xtec.cat\/ceip-santildefons-cornella\/portada\/grups-flexibles-a-1r\/","title":{"rendered":"Grups flexibles a cicle inicial"},"content":{"rendered":"<p>Els nens i nenes de cicle inicial de l&#8217;escola Sant Ildefons ens agrada molt treballar l&#8217;\u00e0rea de catal\u00e0 en grups flexibles. Ens barregem les classes de primer i seg\u00f3n i ens agrupem en diferents grups segons els nostre nivell, d&#8217;aquesta manera podem treballar d&#8217;una manera m\u00e9s divertida i adient a les nostres nostres necessitats. Els nens nouvingtus treballen molt la llengua oral perque aviat puguin comunicar-se en la llengua vehicular de l&#8217;escola, els nens que necessiten m\u00e9s ajuda treballen en un grup molt redu\u00eft, d&#8217;aquesta manera la mestra pot ajudar-los m\u00e9s. Tots estem molt contents del nostre grup i ens agrada molt aprendre!.<\/p>\n","protected":false},"excerpt":{"rendered":"<p>Els nens i nenes de cicle inicial de l&#8217;escola Sant Ildefons ens agrada molt treballar l&#8217;\u00e0rea de catal\u00e0 en grups flexibles. Ens barregem les classes de primer i seg\u00f3n i ens agrupem en diferents grups segons els nostre nivell, d&#8217;aquesta manera podem treballar d&#8217;una manera&hellip;  <a href=\"https:\/\/agora.xtec.cat\/ceip-santildefons-cornella\/portada\/grups-flexibles-a-1r\/\" title=\"Read Grups flexibles a cicle inicial\">Llegeix m\u00e9s\u00bb<\/a><\/p>\n","protected":false},"author":1,"featured_media":1193,"comment_status":"open","ping_status":"open","sticky":false,"template":"","format":"standard","meta":{"_bbp_topic_count":0,"_bbp_reply_count":0,"_bbp_total_topic_count":0,"_bbp_total_reply_count":0,"_bbp_voice_count":0,"_bbp_anonymous_reply_count":0,"_bbp_topic_count_hidden":0,"_bbp_reply_count_hidden":0,"_bbp_forum_subforum_count":0,"footnotes":""},"categories":[10,11,89,4,5],"tags":[],"class_list":["post-1159","post","type-post","status-publish","format-standard","has-post-thumbnail","hentry","category-1r","category-2n","category-petit-grup","category-portada","category-primaria"],"post_mailing_queue_ids":[],"_links":{"self":[{"href":"https:\/\/agora.xtec.cat\/ceip-santildefons-cornella\/wp-json\/wp\/v2\/posts\/1159","targetHints":{"allow":["GET"]}}],"collection":[{"href":"https:\/\/agora.xtec.cat\/ceip-santildefons-cornella\/wp-json\/wp\/v2\/posts"}],"about":[{"href":"https:\/\/agora.xtec.cat\/ceip-santildefons-cornella\/wp-json\/wp\/v2\/types\/post"}],"author":[{"embeddable":true,"href":"https:\/\/agora.xtec.cat\/ceip-santildefons-cornella\/wp-json\/wp\/v2\/users\/1"}],"replies":[{"embeddable":true,"href":"https:\/\/agora.xtec.cat\/ceip-santildefons-cornella\/wp-json\/wp\/v2\/comments?post=1159"}],"version-history":[{"count":2,"href":"https:\/\/agora.xtec.cat\/ceip-santildefons-cornella\/wp-json\/wp\/v2\/posts\/1159\/revisions"}],"predecessor-version":[{"id":1199,"href":"https:\/\/agora.xtec.cat\/ceip-santildefons-cornella\/wp-json\/wp\/v2\/posts\/1159\/revisions\/1199"}],"wp:featuredmedia":[{"embeddable":true,"href":"https:\/\/agora.xtec.cat\/ceip-santildefons-cornella\/wp-json\/wp\/v2\/media\/1193"}],"wp:attachment":[{"href":"https:\/\/agora.xtec.cat\/ceip-santildefons-cornella\/wp-json\/wp\/v2\/media?parent=1159"}],"wp:term":[{"taxonomy":"category","embeddable":true,"href":"https:\/\/agora.xtec.cat\/ceip-santildefons-cornella\/wp-json\/wp\/v2\/categories?post=1159"},{"taxonomy":"post_tag","embeddable":true,"href":"https:\/\/agora.xtec.cat\/ceip-santildefons-cornella\/wp-json\/wp\/v2\/tags?post=1159"}],"curies":[{"name":"wp","href":"https:\/\/api.w.org\/{rel}","templated":true}]}}