{"id":8566,"date":"2026-04-16T12:56:02","date_gmt":"2026-04-16T10:56:02","guid":{"rendered":"https:\/\/agora.xtec.cat\/ceip-santacreu-anglesola\/?p=8566"},"modified":"2026-04-16T12:56:02","modified_gmt":"2026-04-16T10:56:02","slug":"visita-de-ci-a-la-planta-de-compostatge","status":"publish","type":"post","link":"https:\/\/agora.xtec.cat\/ceip-santacreu-anglesola\/general\/visita-de-ci-a-la-planta-de-compostatge\/","title":{"rendered":"VISITA DE CI A LA PLANTA DE COMPOSTATGE"},"content":{"rendered":"<p>&nbsp;<\/p>\n<p>Dijous 16 d\u2019abril l\u2019alumnat de Cicle Inicial ha visitat l\u2019abocador i la Planta de Compostatge de l\u2019Urgell. En aquesta visita hem pogut observar els diferents tipus d\u2019escombraries que es recullen i hem descobert que el rebuig va a l\u2019abocador i s\u2019enterra. La runa es preveu triturar-la i convertir-la en material de construcci\u00f3 i la mat\u00e8ria org\u00e0nica serveix per fabricar compost.<br \/>\nTot el que hem apr\u00e8s ens ha servit per prendre consci\u00e8ncia de la import\u00e0ncia de reciclar correctament i reutilitzar tot el que sigui possible per tal de disminuir la quantitat de residus.<\/p>\n<p><a href=\"https:\/\/agora.xtec.cat\/ceip-santacreu-anglesola\/wp-content\/uploads\/usu483\/2026\/04\/planta-compostatge.jpg\"><img loading=\"lazy\" decoding=\"async\" class=\"size-medium wp-image-8568 aligncenter\" src=\"https:\/\/agora.xtec.cat\/ceip-santacreu-anglesola\/wp-content\/uploads\/usu483\/2026\/04\/planta-compostatge-300x81.jpg\" alt=\"\" width=\"300\" height=\"81\" srcset=\"https:\/\/agora.xtec.cat\/ceip-santacreu-anglesola\/wp-content\/uploads\/usu483\/2026\/04\/planta-compostatge-300x81.jpg 300w, https:\/\/agora.xtec.cat\/ceip-santacreu-anglesola\/wp-content\/uploads\/usu483\/2026\/04\/planta-compostatge.jpg 431w\" sizes=\"auto, (max-width: 300px) 100vw, 300px\" \/><\/a><\/p>\n<p style=\"text-align: center;\">PODEU VEURE LES FOTOS CLICANT <a href=\"https:\/\/agora.xtec.cat\/ceip-santacreu-anglesola\/?p=8564&amp;preview=true\">AQU\u00cd.<\/a><\/p>\n","protected":false},"excerpt":{"rendered":"<p>&nbsp;<br \/>\nDijous 16 d\u2019abril l\u2019alumnat de Cicle Inicial ha visitat l\u2019abocador i la Planta de Compostatge de l\u2019Urgell. En aquesta visita hem pogut observar els diferents tipus d\u2019escombraries que es recullen i hem descobert que el rebuig va a l\u2019abocador i s\u2019enterra. La runa es preveu&hellip;  <a href=\"https:\/\/agora.xtec.cat\/ceip-santacreu-anglesola\/general\/visita-de-ci-a-la-planta-de-compostatge\/\" title=\"Read VISITA DE CI A LA PLANTA DE COMPOSTATGE\">Llegeix m\u00e9s\u00bb<\/a><\/p>\n","protected":false},"author":27,"featured_media":8568,"comment_status":"open","ping_status":"open","sticky":false,"template":"","format":"standard","meta":{"_bbp_topic_count":0,"_bbp_reply_count":0,"_bbp_total_topic_count":0,"_bbp_total_reply_count":0,"_bbp_voice_count":0,"_bbp_anonymous_reply_count":0,"_bbp_topic_count_hidden":0,"_bbp_reply_count_hidden":0,"_bbp_forum_subforum_count":0,"footnotes":""},"categories":[1,4,5],"tags":[],"class_list":["post-8566","post","type-post","status-publish","format-standard","has-post-thumbnail","hentry","category-general","category-portada","category-primaria"],"post_mailing_queue_ids":[],"_links":{"self":[{"href":"https:\/\/agora.xtec.cat\/ceip-santacreu-anglesola\/wp-json\/wp\/v2\/posts\/8566","targetHints":{"allow":["GET"]}}],"collection":[{"href":"https:\/\/agora.xtec.cat\/ceip-santacreu-anglesola\/wp-json\/wp\/v2\/posts"}],"about":[{"href":"https:\/\/agora.xtec.cat\/ceip-santacreu-anglesola\/wp-json\/wp\/v2\/types\/post"}],"author":[{"embeddable":true,"href":"https:\/\/agora.xtec.cat\/ceip-santacreu-anglesola\/wp-json\/wp\/v2\/users\/27"}],"replies":[{"embeddable":true,"href":"https:\/\/agora.xtec.cat\/ceip-santacreu-anglesola\/wp-json\/wp\/v2\/comments?post=8566"}],"version-history":[{"count":2,"href":"https:\/\/agora.xtec.cat\/ceip-santacreu-anglesola\/wp-json\/wp\/v2\/posts\/8566\/revisions"}],"predecessor-version":[{"id":8569,"href":"https:\/\/agora.xtec.cat\/ceip-santacreu-anglesola\/wp-json\/wp\/v2\/posts\/8566\/revisions\/8569"}],"wp:featuredmedia":[{"embeddable":true,"href":"https:\/\/agora.xtec.cat\/ceip-santacreu-anglesola\/wp-json\/wp\/v2\/media\/8568"}],"wp:attachment":[{"href":"https:\/\/agora.xtec.cat\/ceip-santacreu-anglesola\/wp-json\/wp\/v2\/media?parent=8566"}],"wp:term":[{"taxonomy":"category","embeddable":true,"href":"https:\/\/agora.xtec.cat\/ceip-santacreu-anglesola\/wp-json\/wp\/v2\/categories?post=8566"},{"taxonomy":"post_tag","embeddable":true,"href":"https:\/\/agora.xtec.cat\/ceip-santacreu-anglesola\/wp-json\/wp\/v2\/tags?post=8566"}],"curies":[{"name":"wp","href":"https:\/\/api.w.org\/{rel}","templated":true}]}}