{"id":8542,"date":"2026-04-09T19:20:15","date_gmt":"2026-04-09T17:20:15","guid":{"rendered":"https:\/\/agora.xtec.cat\/ceip-santacreu-anglesola\/?p=8542"},"modified":"2026-04-09T19:20:15","modified_gmt":"2026-04-09T17:20:15","slug":"sortim-en-bicicleta","status":"publish","type":"post","link":"https:\/\/agora.xtec.cat\/ceip-santacreu-anglesola\/general\/sortim-en-bicicleta\/","title":{"rendered":"SORTIM EN BICICLETA"},"content":{"rendered":"<p>Aquest dijous l&#8217;alumant de tercer fins a sis\u00e8 hem anat en bicicleta fins al parc del Reguer de Tornabous. Hem gaudit d&#8217;un temps espl\u00e8ndid i d&#8217;un entorn fant\u00e0stic fent activitat f\u00edsica.<\/p>\n<p>Per veure les fotos, cliqueu a la imatge.<\/p>\n<p><a href=\"https:\/\/agora.xtec.cat\/ceip-santacreu-anglesola\/general\/sortim-en-bicicleta-ocult\/\" target=\"_blank\" rel=\"noopener\"><img loading=\"lazy\" decoding=\"async\" class=\"aligncenter  wp-image-8540\" src=\"https:\/\/agora.xtec.cat\/ceip-santacreu-anglesola\/wp-content\/uploads\/usu483\/2026\/04\/1-1-1024x512.jpg\" alt=\"\" width=\"540\" height=\"270\" srcset=\"https:\/\/agora.xtec.cat\/ceip-santacreu-anglesola\/wp-content\/uploads\/usu483\/2026\/04\/1-1-1024x512.jpg 1024w, https:\/\/agora.xtec.cat\/ceip-santacreu-anglesola\/wp-content\/uploads\/usu483\/2026\/04\/1-1-300x150.jpg 300w, https:\/\/agora.xtec.cat\/ceip-santacreu-anglesola\/wp-content\/uploads\/usu483\/2026\/04\/1-1-768x384.jpg 768w, https:\/\/agora.xtec.cat\/ceip-santacreu-anglesola\/wp-content\/uploads\/usu483\/2026\/04\/1-1-1536x768.jpg 1536w, https:\/\/agora.xtec.cat\/ceip-santacreu-anglesola\/wp-content\/uploads\/usu483\/2026\/04\/1-1.jpg 2000w\" sizes=\"auto, (max-width: 540px) 100vw, 540px\" \/><\/a><\/p>\n","protected":false},"excerpt":{"rendered":"<p>Aquest dijous l&#8217;alumant de tercer fins a sis\u00e8 hem anat en bicicleta fins al parc del Reguer de Tornabous. Hem gaudit d&#8217;un temps espl\u00e8ndid i d&#8217;un entorn fant\u00e0stic fent activitat f\u00edsica.<br \/>\nPer veure les fotos, cliqueu a la imatge.<br \/>\n<a href=\"https:\/\/agora.xtec.cat\/ceip-santacreu-anglesola\/general\/sortim-en-bicicleta-ocult\/\" target=\"_blank\" rel=\"noopener\"><\/a><\/p>\n","protected":false},"author":11,"featured_media":0,"comment_status":"open","ping_status":"open","sticky":false,"template":"","format":"standard","meta":{"_bbp_topic_count":0,"_bbp_reply_count":0,"_bbp_total_topic_count":0,"_bbp_total_reply_count":0,"_bbp_voice_count":0,"_bbp_anonymous_reply_count":0,"_bbp_topic_count_hidden":0,"_bbp_reply_count_hidden":0,"_bbp_forum_subforum_count":0,"footnotes":""},"categories":[12,13,14,15,1,4],"tags":[],"class_list":["post-8542","post","type-post","status-publish","format-standard","hentry","category-3r","category-4t","category-5e","category-6e","category-general","category-portada"],"post_mailing_queue_ids":[],"_links":{"self":[{"href":"https:\/\/agora.xtec.cat\/ceip-santacreu-anglesola\/wp-json\/wp\/v2\/posts\/8542","targetHints":{"allow":["GET"]}}],"collection":[{"href":"https:\/\/agora.xtec.cat\/ceip-santacreu-anglesola\/wp-json\/wp\/v2\/posts"}],"about":[{"href":"https:\/\/agora.xtec.cat\/ceip-santacreu-anglesola\/wp-json\/wp\/v2\/types\/post"}],"author":[{"embeddable":true,"href":"https:\/\/agora.xtec.cat\/ceip-santacreu-anglesola\/wp-json\/wp\/v2\/users\/11"}],"replies":[{"embeddable":true,"href":"https:\/\/agora.xtec.cat\/ceip-santacreu-anglesola\/wp-json\/wp\/v2\/comments?post=8542"}],"version-history":[{"count":2,"href":"https:\/\/agora.xtec.cat\/ceip-santacreu-anglesola\/wp-json\/wp\/v2\/posts\/8542\/revisions"}],"predecessor-version":[{"id":8547,"href":"https:\/\/agora.xtec.cat\/ceip-santacreu-anglesola\/wp-json\/wp\/v2\/posts\/8542\/revisions\/8547"}],"wp:attachment":[{"href":"https:\/\/agora.xtec.cat\/ceip-santacreu-anglesola\/wp-json\/wp\/v2\/media?parent=8542"}],"wp:term":[{"taxonomy":"category","embeddable":true,"href":"https:\/\/agora.xtec.cat\/ceip-santacreu-anglesola\/wp-json\/wp\/v2\/categories?post=8542"},{"taxonomy":"post_tag","embeddable":true,"href":"https:\/\/agora.xtec.cat\/ceip-santacreu-anglesola\/wp-json\/wp\/v2\/tags?post=8542"}],"curies":[{"name":"wp","href":"https:\/\/api.w.org\/{rel}","templated":true}]}}