{"id":8442,"date":"2026-03-06T10:25:28","date_gmt":"2026-03-06T09:25:28","guid":{"rendered":"https:\/\/agora.xtec.cat\/ceip-santacreu-anglesola\/?p=8442"},"modified":"2026-03-06T10:35:12","modified_gmt":"2026-03-06T09:35:12","slug":"dia-mundial-de-les-malalties-minoritaries-2","status":"publish","type":"post","link":"https:\/\/agora.xtec.cat\/ceip-santacreu-anglesola\/general\/dia-mundial-de-les-malalties-minoritaries-2\/","title":{"rendered":"Dia Mundial de les Malalties Minorit\u00e0ries"},"content":{"rendered":"<p>Des de l&#8217;escola hem treballat el Dia Mundial de les Malalties Minorit\u00e0ries col\u00b7laborant amb l&#8217;associaci\u00f3 EMMA de T\u00e0rrega que dona visibilitat als infants que les pateixen.<\/p>\n<p>L&#8217;alumnat de l&#8217;escola ha participat en la proposta creant diferents frases reivindicatives o de suport als malalts i a les fam\u00edlies. A m\u00e9s a m\u00e9s, els infants de 4t han participat en un webinar aprenent sobre aquestes malalties per tal de conscienciar-se de l&#8217;exist\u00e8ncia d&#8217;aquesta realitat.<\/p>\n<p>Cliqueu a la seg\u00fcent imatge per a veure les fotos:<\/p>\n<p><a href=\"https:\/\/agora.xtec.cat\/ceip-santacreu-anglesola\/primaria\/1r\/dia-mundial-de-les-malalties-minoritaries\/\" target=\"_blank\" rel=\"noopener\"><img loading=\"lazy\" decoding=\"async\" class=\"aligncenter wp-image-8449 size-full\" src=\"https:\/\/agora.xtec.cat\/ceip-santacreu-anglesola\/wp-content\/uploads\/usu483\/2026\/03\/logo-malalties-minoritaries.png_1616332855.png\" alt=\"\" width=\"250\" height=\"250\" srcset=\"https:\/\/agora.xtec.cat\/ceip-santacreu-anglesola\/wp-content\/uploads\/usu483\/2026\/03\/logo-malalties-minoritaries.png_1616332855.png 250w, https:\/\/agora.xtec.cat\/ceip-santacreu-anglesola\/wp-content\/uploads\/usu483\/2026\/03\/logo-malalties-minoritaries.png_1616332855-150x150.png 150w\" sizes=\"auto, (max-width: 250px) 100vw, 250px\" \/><\/a><\/p>\n","protected":false},"excerpt":{"rendered":"<p>Des de l&#8217;escola hem treballat el Dia Mundial de les Malalties Minorit\u00e0ries col\u00b7laborant amb l&#8217;associaci\u00f3 EMMA de T\u00e0rrega que dona visibilitat als infants que les pateixen.<br \/>\nL&#8217;alumnat de l&#8217;escola ha participat en la proposta creant diferents frases reivindicatives o de suport als malalts i a les&hellip;  <a href=\"https:\/\/agora.xtec.cat\/ceip-santacreu-anglesola\/general\/dia-mundial-de-les-malalties-minoritaries-2\/\" title=\"Read Dia Mundial de les Malalties Minorit\u00e0ries\">Llegeix m\u00e9s\u00bb<\/a><\/p>\n","protected":false},"author":1,"featured_media":8449,"comment_status":"closed","ping_status":"closed","sticky":false,"template":"","format":"standard","meta":{"_bbp_topic_count":0,"_bbp_reply_count":0,"_bbp_total_topic_count":0,"_bbp_total_reply_count":0,"_bbp_voice_count":0,"_bbp_anonymous_reply_count":0,"_bbp_topic_count_hidden":0,"_bbp_reply_count_hidden":0,"_bbp_forum_subforum_count":0,"footnotes":""},"categories":[1,4],"tags":[],"class_list":["post-8442","post","type-post","status-publish","format-standard","has-post-thumbnail","hentry","category-general","category-portada"],"post_mailing_queue_ids":[],"_links":{"self":[{"href":"https:\/\/agora.xtec.cat\/ceip-santacreu-anglesola\/wp-json\/wp\/v2\/posts\/8442","targetHints":{"allow":["GET"]}}],"collection":[{"href":"https:\/\/agora.xtec.cat\/ceip-santacreu-anglesola\/wp-json\/wp\/v2\/posts"}],"about":[{"href":"https:\/\/agora.xtec.cat\/ceip-santacreu-anglesola\/wp-json\/wp\/v2\/types\/post"}],"author":[{"embeddable":true,"href":"https:\/\/agora.xtec.cat\/ceip-santacreu-anglesola\/wp-json\/wp\/v2\/users\/1"}],"replies":[{"embeddable":true,"href":"https:\/\/agora.xtec.cat\/ceip-santacreu-anglesola\/wp-json\/wp\/v2\/comments?post=8442"}],"version-history":[{"count":4,"href":"https:\/\/agora.xtec.cat\/ceip-santacreu-anglesola\/wp-json\/wp\/v2\/posts\/8442\/revisions"}],"predecessor-version":[{"id":8452,"href":"https:\/\/agora.xtec.cat\/ceip-santacreu-anglesola\/wp-json\/wp\/v2\/posts\/8442\/revisions\/8452"}],"wp:featuredmedia":[{"embeddable":true,"href":"https:\/\/agora.xtec.cat\/ceip-santacreu-anglesola\/wp-json\/wp\/v2\/media\/8449"}],"wp:attachment":[{"href":"https:\/\/agora.xtec.cat\/ceip-santacreu-anglesola\/wp-json\/wp\/v2\/media?parent=8442"}],"wp:term":[{"taxonomy":"category","embeddable":true,"href":"https:\/\/agora.xtec.cat\/ceip-santacreu-anglesola\/wp-json\/wp\/v2\/categories?post=8442"},{"taxonomy":"post_tag","embeddable":true,"href":"https:\/\/agora.xtec.cat\/ceip-santacreu-anglesola\/wp-json\/wp\/v2\/tags?post=8442"}],"curies":[{"name":"wp","href":"https:\/\/api.w.org\/{rel}","templated":true}]}}