{"id":8395,"date":"2026-02-19T15:31:29","date_gmt":"2026-02-19T14:31:29","guid":{"rendered":"https:\/\/agora.xtec.cat\/ceip-santacreu-anglesola\/?p=8395"},"modified":"2026-02-20T10:33:33","modified_gmt":"2026-02-20T09:33:33","slug":"carnaval-2026-2","status":"publish","type":"post","link":"https:\/\/agora.xtec.cat\/ceip-santacreu-anglesola\/general\/carnaval-2026-2\/","title":{"rendered":"CARNAVAL 2026"},"content":{"rendered":"<p><span style=\"font-family: inherit; font-size: 1em;\">Enguany la festa i la xerinola s\u2019han apropiat de la nostra escola.<\/span><\/p>\n<p>El dia 13 de febrer tothom es va tornar ximplet al portar la roba al rev\u00e9s.<\/p>\n<p>El dia 17 de febrer\u00a0 tots els alumnes sembl\u00e0vem clons, perqu\u00e8\u00a0 al mat\u00ed totes les classes van portar la roba del mateix color i per la tarda van fer la rua pels carrers del poble portant complements relacionats amb el projecte.<\/p>\n<p>A la rua no va faltar de res, m\u00fasica, ball i la fabulosa batucada que ens van fer els alumnes de 6\u00e8 dirigits magistralment per l\u2019\u00c0ngels D\u00edaz. I per acabar la rua, un bon\u00edssim berenar amb coca i xocolata que ens va oferir l&#8217;AFA a qui agra\u00efm tamb\u00e9 la seva ajuda.<\/p>\n<p>Tamb\u00e9 donem les gr\u00e0cies a tots els\u00a0 pares, mares, familiars i amics que ens vau acompanyar i animar durant tot el recorregut.<\/p>\n<p>El dia 18 de febrer tots i totes estaven tan cansats que a l\u2019escola en pijama es van presentar.<\/p>\n<p>Per\u00f2 tot el bo s\u2019acaba, per la tarda el Carnestoltes va marxar i el dol a Anglesola va arribar. Tot i totes\u00a0 de negre es van disfressar i tota l\u2019estona van plorar desconsolats.<\/p>\n<p>La Vella Quaresma ja \u00e9s aqu\u00ed i ara ens toca patir!<\/p>\n<p>Clica a la imatge per a veure les fotografies:<\/p>\n<p><a href=\"https:\/\/agora.xtec.cat\/ceip-santacreu-anglesola\/?p=8401&amp;preview=true\" target=\"_blank\" rel=\"noopener\"><img loading=\"lazy\" decoding=\"async\" class=\"aligncenter wp-image-8398\" src=\"https:\/\/agora.xtec.cat\/ceip-santacreu-anglesola\/wp-content\/uploads\/usu483\/2026\/02\/portada.jpg\" alt=\"\" width=\"393\" height=\"209\" srcset=\"https:\/\/agora.xtec.cat\/ceip-santacreu-anglesola\/wp-content\/uploads\/usu483\/2026\/02\/portada.jpg 1200w, https:\/\/agora.xtec.cat\/ceip-santacreu-anglesola\/wp-content\/uploads\/usu483\/2026\/02\/portada-300x159.jpg 300w, https:\/\/agora.xtec.cat\/ceip-santacreu-anglesola\/wp-content\/uploads\/usu483\/2026\/02\/portada-1024x544.jpg 1024w, https:\/\/agora.xtec.cat\/ceip-santacreu-anglesola\/wp-content\/uploads\/usu483\/2026\/02\/portada-768x408.jpg 768w\" sizes=\"auto, (max-width: 393px) 100vw, 393px\" \/><\/a><\/p>\n","protected":false},"excerpt":{"rendered":"<p>Enguany la festa i la xerinola s\u2019han apropiat de la nostra escola.<br \/>\nEl dia 13 de febrer tothom es va tornar ximplet al portar la roba al rev\u00e9s.<br \/>\nEl dia 17 de febrer\u00a0 tots els alumnes sembl\u00e0vem clons, perqu\u00e8\u00a0 al mat\u00ed totes les classes van portar la&hellip;  <a href=\"https:\/\/agora.xtec.cat\/ceip-santacreu-anglesola\/general\/carnaval-2026-2\/\" title=\"Read CARNAVAL 2026\">Llegeix m\u00e9s\u00bb<\/a><\/p>\n","protected":false},"author":1,"featured_media":8398,"comment_status":"closed","ping_status":"closed","sticky":false,"template":"","format":"standard","meta":{"_bbp_topic_count":0,"_bbp_reply_count":0,"_bbp_total_topic_count":0,"_bbp_total_reply_count":0,"_bbp_voice_count":0,"_bbp_anonymous_reply_count":0,"_bbp_topic_count_hidden":0,"_bbp_reply_count_hidden":0,"_bbp_forum_subforum_count":0,"footnotes":""},"categories":[1,4],"tags":[],"class_list":["post-8395","post","type-post","status-publish","format-standard","has-post-thumbnail","hentry","category-general","category-portada"],"post_mailing_queue_ids":[],"_links":{"self":[{"href":"https:\/\/agora.xtec.cat\/ceip-santacreu-anglesola\/wp-json\/wp\/v2\/posts\/8395","targetHints":{"allow":["GET"]}}],"collection":[{"href":"https:\/\/agora.xtec.cat\/ceip-santacreu-anglesola\/wp-json\/wp\/v2\/posts"}],"about":[{"href":"https:\/\/agora.xtec.cat\/ceip-santacreu-anglesola\/wp-json\/wp\/v2\/types\/post"}],"author":[{"embeddable":true,"href":"https:\/\/agora.xtec.cat\/ceip-santacreu-anglesola\/wp-json\/wp\/v2\/users\/1"}],"replies":[{"embeddable":true,"href":"https:\/\/agora.xtec.cat\/ceip-santacreu-anglesola\/wp-json\/wp\/v2\/comments?post=8395"}],"version-history":[{"count":5,"href":"https:\/\/agora.xtec.cat\/ceip-santacreu-anglesola\/wp-json\/wp\/v2\/posts\/8395\/revisions"}],"predecessor-version":[{"id":8420,"href":"https:\/\/agora.xtec.cat\/ceip-santacreu-anglesola\/wp-json\/wp\/v2\/posts\/8395\/revisions\/8420"}],"wp:featuredmedia":[{"embeddable":true,"href":"https:\/\/agora.xtec.cat\/ceip-santacreu-anglesola\/wp-json\/wp\/v2\/media\/8398"}],"wp:attachment":[{"href":"https:\/\/agora.xtec.cat\/ceip-santacreu-anglesola\/wp-json\/wp\/v2\/media?parent=8395"}],"wp:term":[{"taxonomy":"category","embeddable":true,"href":"https:\/\/agora.xtec.cat\/ceip-santacreu-anglesola\/wp-json\/wp\/v2\/categories?post=8395"},{"taxonomy":"post_tag","embeddable":true,"href":"https:\/\/agora.xtec.cat\/ceip-santacreu-anglesola\/wp-json\/wp\/v2\/tags?post=8395"}],"curies":[{"name":"wp","href":"https:\/\/api.w.org\/{rel}","templated":true}]}}